{"id":17408,"date":"2025-08-06T18:16:50","date_gmt":"2025-08-06T18:16:50","guid":{"rendered":"https:\/\/ladepeche.mr\/?p=17408"},"modified":"2025-08-06T18:16:50","modified_gmt":"2025-08-06T18:16:50","slug":"reforme-hospitaliere-un-comite-technique-multisectoriel-pour-elaborer-un-plan-operationnel","status":"publish","type":"post","link":"https:\/\/ladepeche.mr\/?p=17408","title":{"rendered":"R\u00e9forme hospitali\u00e8re : Un comit\u00e9 technique multisectoriel pour \u00e9laborer un plan op\u00e9rationnel"},"content":{"rendered":"<p>Sous l\u2019impulsion du Pr\u00e9sident de la R\u00e9publique une r\u00e9union de haut niveau s\u2019est tenue ce mercredi au minist\u00e8re de la Sant\u00e9. Une rencontre qui se veut un tournant dans le processus de r\u00e9forme du secteur hospitalier. Cette rencontre, pr\u00e9sid\u00e9e conjointement par les ministres de la Sant\u00e9, de la Transformation num\u00e9rique et du ministre d\u00e9l\u00e9gu\u00e9 charg\u00e9 du Budget, passe au crible la r\u00e9flexion strat\u00e9gique destin\u00e9e \u00e0 restructurer le syst\u00e8me hospitalier national, l\u2019un des chantiers prioritaires du dernier quinquennat pr\u00e9sidentiel et de son gouvernement.<br \/>\n Une r\u00e9forme multidimensionnelle<br \/>\nLes travaux ont d\u00e9but\u00e9 par une s\u00e9rie de pr\u00e9sentations techniques, mettant en lumi\u00e8re les grands axes de la strat\u00e9gie de r\u00e9forme, le contexte g\u00e9n\u00e9ral et les principaux d\u00e9fis \u00e0 relever. Parmi les contraintes identifi\u00e9es figurent : la r\u00e9partition d\u00e9s\u00e9quilibr\u00e9e des ressources humaines, les modes de gouvernance obsol\u00e8tes, le manque de financement durable, les lacunes des syst\u00e8mes d\u2019information m\u00e9dicale et l\u2019insuffisante coordination entre les acteurs publics du secteur.<br \/>\nFace \u00e0 ces constats, il a \u00e9t\u00e9 d\u00e9cid\u00e9 de mettre en place un comit\u00e9 technique multisectoriel, regroupant des repr\u00e9sentants des minist\u00e8res et institutions impliqu\u00e9s. Ce comit\u00e9 aura pour mission d\u2019\u00e9laborer un plan op\u00e9rationnel \u00e0 court et moyen termes, articul\u00e9 autour de priorit\u00e9s claires, d\u2019un calendrier pr\u00e9cis et d\u2019indicateurs de suivi.<br \/>\nUne volont\u00e9 politique affirm\u00e9e<br \/>\nLes ministres pr\u00e9sents ont unanimement soulign\u00e9 l\u2019urgence et l\u2019importance de cette r\u00e9forme. Ils ont insist\u00e9 sur la n\u00e9cessit\u00e9 d&#8217;une coordination \u00e9troite entre toutes les parties prenantes, affirmant que le succ\u00e8s de cette strat\u00e9gie d\u00e9pendra de sa capacit\u00e9 \u00e0 produire des r\u00e9sultats tangibles pour les citoyens, notamment en mati\u00e8re de qualit\u00e9 des soins.<br \/>\nParmi les participants figuraient \u00e9galement le conseiller du Premier ministre charg\u00e9 de la sant\u00e9, la Secr\u00e9taire g\u00e9n\u00e9rale du minist\u00e8re de la Sant\u00e9, Mme El Aliya Yahya Menkouss, des repr\u00e9sentants des minist\u00e8res de l\u2019Action sociale, de la D\u00e9l\u00e9gation g\u00e9n\u00e9rale TAAZOUR, de la SNIM, ainsi que plusieurs directeurs d\u2019\u00e9tablissements hospitaliers et membres de cabinets minist\u00e9riels<br \/>\n(avec Ami).<\/p>\n","protected":false},"excerpt":{"rendered":"<p>Sous l\u2019impulsion du Pr\u00e9sident de la R\u00e9publique une r\u00e9union de haut niveau s\u2019est tenue ce mercredi au minist\u00e8re de la Sant\u00e9. Une rencontre qui se veut un tournant dans le processus de r\u00e9forme du secteur hospitalier. Cette rencontre, pr\u00e9sid\u00e9e conjointement par les ministres de la Sant\u00e9, de la Transformation num\u00e9rique et du ministre d\u00e9l\u00e9gu\u00e9 charg\u00e9 &hellip;<\/p>\n","protected":false},"author":2,"featured_media":17409,"comment_status":"open","ping_status":"open","sticky":false,"template":"","format":"standard","meta":{"footnotes":""},"categories":[18,27],"tags":[],"class_list":["post-17408","post","type-post","status-publish","format-standard","has-post-thumbnail","hentry","category-actualites","category-sante"],"_links":{"self":[{"href":"https:\/\/ladepeche.mr\/index.php?rest_route=\/wp\/v2\/posts\/17408","targetHints":{"allow":["GET"]}}],"collection":[{"href":"https:\/\/ladepeche.mr\/index.php?rest_route=\/wp\/v2\/posts"}],"about":[{"href":"https:\/\/ladepeche.mr\/index.php?rest_route=\/wp\/v2\/types\/post"}],"author":[{"embeddable":true,"href":"https:\/\/ladepeche.mr\/index.php?rest_route=\/wp\/v2\/users\/2"}],"replies":[{"embeddable":true,"href":"https:\/\/ladepeche.mr\/index.php?rest_route=%2Fwp%2Fv2%2Fcomments&post=17408"}],"version-history":[{"count":1,"href":"https:\/\/ladepeche.mr\/index.php?rest_route=\/wp\/v2\/posts\/17408\/revisions"}],"predecessor-version":[{"id":17410,"href":"https:\/\/ladepeche.mr\/index.php?rest_route=\/wp\/v2\/posts\/17408\/revisions\/17410"}],"wp:featuredmedia":[{"embeddable":true,"href":"https:\/\/ladepeche.mr\/index.php?rest_route=\/wp\/v2\/media\/17409"}],"wp:attachment":[{"href":"https:\/\/ladepeche.mr\/index.php?rest_route=%2Fwp%2Fv2%2Fmedia&parent=17408"}],"wp:term":[{"taxonomy":"category","embeddable":true,"href":"https:\/\/ladepeche.mr\/index.php?rest_route=%2Fwp%2Fv2%2Fcategories&post=17408"},{"taxonomy":"post_tag","embeddable":true,"href":"https:\/\/ladepeche.mr\/index.php?rest_route=%2Fwp%2Fv2%2Ftags&post=17408"}],"curies":[{"name":"wp","href":"https:\/\/api.w.org\/{rel}","templated":true}]}}