{"id":17415,"date":"2025-08-07T15:45:28","date_gmt":"2025-08-07T15:45:28","guid":{"rendered":"https:\/\/ladepeche.mr\/?p=17415"},"modified":"2025-08-15T12:22:09","modified_gmt":"2025-08-15T12:22:09","slug":"politique-lopposition-tire-la-sonnette-et-pointe-une-crise-sociale","status":"publish","type":"post","link":"https:\/\/ladepeche.mr\/?p=17415","title":{"rendered":"Politique: l\u2019opposition tire la sonnette et pointe &#8220;une crise sociale&#8221;"},"content":{"rendered":"<p>La Coalition des forces populaires d\u2019opposition a manifest\u00e9 sa vive pr\u00e9occupation face \u00e0 la d\u00e9t\u00e9rioration continue des conditions de vie en Mauritanie. Dans un communiqu\u00e9 publi\u00e9 dans la nuit de mercredi \u00e0 jeudi, le regroupement de partis et d\u2019acteurs politiques a d\u00e9nonc\u00e9 une \u00abflamb\u00e9e \u00bb des prix des produits de consommation courante, ainsi qu\u2019une \u00ab d\u00e9gradation inqui\u00e9tante \u00bb des services de sant\u00e9 et d\u2019\u00e9ducation.<br \/>\nSelon la coalition, les populations de la capitale Nouakchott, tout comme celles des villes de l\u2019int\u00e9rieur, sont confront\u00e9es \u00e0 des coupures r\u00e9p\u00e9t\u00e9es d\u2019\u00e9lectricit\u00e9 et d\u2019eau, qui aggravent une situation sociale d\u00e9j\u00e0 difficile. Elle attribue cette crise \u00e0 \u00ab l\u2019incapacit\u00e9 du r\u00e9gime en place \u00e0 prendre des mesures s\u00e9rieuses pour y mettre fin \u00bb.<br \/>\nFace \u00e0 ce qu\u2019elle qualifie de \u00ab crise chronique \u00bb, la coalition appelle le pr\u00e9sident mauritanien \u00e0 agir de toute urgence afin de limiter les \u00ab pertes mat\u00e9rielles consid\u00e9rables \u00bb subies par les citoyens.<br \/>\nFond\u00e9e en d\u00e9cembre dernier, la Coalition des forces populaires regroupe plusieurs partis d\u2019opposition, des figures ind\u00e9pendantes et des activistes. Elle s\u2019est constitu\u00e9e dans le but de coordonner les efforts face aux d\u00e9fis politiques et sociaux du pays, et milite pour l\u2019ouverture d\u2019un dialogue national inclusif.<br \/>\n(avec m\u00e9dias)<\/p>\n","protected":false},"excerpt":{"rendered":"<p>La Coalition des forces populaires d\u2019opposition a manifest\u00e9 sa vive pr\u00e9occupation face \u00e0 la d\u00e9t\u00e9rioration continue des conditions de vie en Mauritanie. Dans un communiqu\u00e9 publi\u00e9 dans la nuit de mercredi \u00e0 jeudi, le regroupement de partis et d\u2019acteurs politiques a d\u00e9nonc\u00e9 une \u00abflamb\u00e9e \u00bb des prix des produits de consommation courante, ainsi qu\u2019une \u00ab &hellip;<\/p>\n","protected":false},"author":2,"featured_media":17417,"comment_status":"open","ping_status":"open","sticky":false,"template":"","format":"standard","meta":{"footnotes":""},"categories":[18,31],"tags":[],"class_list":["post-17415","post","type-post","status-publish","format-standard","has-post-thumbnail","hentry","category-actualites","category-politique-et-reportages"],"_links":{"self":[{"href":"https:\/\/ladepeche.mr\/index.php?rest_route=\/wp\/v2\/posts\/17415","targetHints":{"allow":["GET"]}}],"collection":[{"href":"https:\/\/ladepeche.mr\/index.php?rest_route=\/wp\/v2\/posts"}],"about":[{"href":"https:\/\/ladepeche.mr\/index.php?rest_route=\/wp\/v2\/types\/post"}],"author":[{"embeddable":true,"href":"https:\/\/ladepeche.mr\/index.php?rest_route=\/wp\/v2\/users\/2"}],"replies":[{"embeddable":true,"href":"https:\/\/ladepeche.mr\/index.php?rest_route=%2Fwp%2Fv2%2Fcomments&post=17415"}],"version-history":[{"count":1,"href":"https:\/\/ladepeche.mr\/index.php?rest_route=\/wp\/v2\/posts\/17415\/revisions"}],"predecessor-version":[{"id":17416,"href":"https:\/\/ladepeche.mr\/index.php?rest_route=\/wp\/v2\/posts\/17415\/revisions\/17416"}],"wp:featuredmedia":[{"embeddable":true,"href":"https:\/\/ladepeche.mr\/index.php?rest_route=\/wp\/v2\/media\/17417"}],"wp:attachment":[{"href":"https:\/\/ladepeche.mr\/index.php?rest_route=%2Fwp%2Fv2%2Fmedia&parent=17415"}],"wp:term":[{"taxonomy":"category","embeddable":true,"href":"https:\/\/ladepeche.mr\/index.php?rest_route=%2Fwp%2Fv2%2Fcategories&post=17415"},{"taxonomy":"post_tag","embeddable":true,"href":"https:\/\/ladepeche.mr\/index.php?rest_route=%2Fwp%2Fv2%2Ftags&post=17415"}],"curies":[{"name":"wp","href":"https:\/\/api.w.org\/{rel}","templated":true}]}}