{"id":17418,"date":"2025-08-07T18:10:30","date_gmt":"2025-08-07T18:10:30","guid":{"rendered":"https:\/\/ladepeche.mr\/?p=17418"},"modified":"2025-08-07T18:32:26","modified_gmt":"2025-08-07T18:32:26","slug":"mattel-nouveau-rebondissement-dans-laffaire-bouamattou-vs-bechir-moulaye-el-hacen","status":"publish","type":"post","link":"https:\/\/ladepeche.mr\/?p=17418","title":{"rendered":"Mattel : Nouveau rebondissement dans l&#8217;affaire Bouamattou vs B\u00e9chir Moulaye El Hacen"},"content":{"rendered":"<p>Le conflit entre les deux actionnaires de Mattel, Mohamed Ould Bouamatttou et B\u00e9chir Ould Moulaye El Hacen, conna\u00eet un nouveau rebondissement. Un feuilleton judiciaire qui dure depuis 2017, sur fond de guerre d\u2019int\u00e9r\u00eats et d\u2019accusations crois\u00e9es.<br \/>\nNouvel \u00e9pisode dans la guerre larv\u00e9e que se livrent depuis plusieurs ann\u00e9es deux poids lourds du monde des affaires mauritanien. Depuis octobre 2022, une plainte d\u00e9pos\u00e9e par BSA T\u00e9l\u00e9communication (repr\u00e9sentant les int\u00e9r\u00eats de Mohamed Ould Bouamatttou, alias MOB) contre B\u00e9chir Ould Moulaye El Hacen (BMH) a raviv\u00e9 une querelle qui semblait s\u2019\u00eatre apais\u00e9e. Les deux hommes d\u00e9tiennent chacun 24,5 % du capital de la soci\u00e9t\u00e9 Mattel, aux c\u00f4t\u00e9s de l\u2019\u00c9tat tunisien, actionnaire majoritaire avec 51 %.<br \/>\nL\u2019affaire, d\u2019apparence financi\u00e8re, est en r\u00e9alit\u00e9 un conflit profond entre deux anciens alli\u00e9s devenus adversaires juridiques et \u00e9conomiques. Une affaire o\u00f9 le projet de vente de l\u2019entreprise n\u2019est pas non plus \u00e9tranger. Ce diff\u00e9rend trouve une premi\u00e8re origine dans une plainte d\u00e9pos\u00e9e par MOB d\u00e8s 2017, accusant les g\u00e9rants de Mattel de manipulations comptables, de versement de dividendes fictifs et d\u2019attribution de march\u00e9s douteux.<\/p>\n<p><strong>Une guerre d\u2019usure<\/strong><br \/>\nLes soup\u00e7ons de BSA visent, selon plusieurs sources, des op\u00e9rations men\u00e9es par des responsables \u00e9trangers de Mattel en complicit\u00e9 avec un autre actionnaire mauritanien \u2013 en l\u2019occurrence BMH. Le climat s\u2019est nettement tendu apr\u00e8s le retour d\u2019exil de Bouamatttou en Mauritanie, dans la foul\u00e9e du changement du r\u00e9gime politique.<br \/>\nUne plainte pour abus de confiance d\u00e9pos\u00e9e en ocotbre 2022 par BSA avait conduit \u00e0 une garde \u00e0 vue de 24 heures pour B\u00e9chir Moulaye El Hacen. MOB accuse notamment ce dernier d\u2019avoir factur\u00e9 \u00e0 Mattel pr\u00e8s de 300 000 euros en prestations de consulting via sa propre soci\u00e9t\u00e9 entre 2012 et 2016. Il demande dans sa plainte devant la Justice une expertise de gestion sur la p\u00e9riode 2013-2022 ainsi que la suspension de la distribution des dividendes, une demande partiellement rejet\u00e9e par la justice (suspension de partage de dividendes).<\/p>\n<p><strong>Arbitrage de la Justice<\/strong><br \/>\nEn parall\u00e8le de ce contentieux, un autre front s\u2019est ouvert d\u00e9but 2023. Le 28 f\u00e9vrier, lors d\u2019un point de presse, Me L\u00f4 Gourmo \u2013 avocat de la GBM, la banque appartenant \u00e0 MOB \u2013 annonce que son client a mis en demeure BMH, son fr\u00e8re Mokhtar, ainsi que la soci\u00e9t\u00e9 familiale COMATEL pour une dette cumul\u00e9e de pr\u00e8s de 2 milliards MRO.<br \/>\nLe lendemain, les avocats de la famille Moulaye El Hacen montent au cr\u00e9neau. Ils d\u00e9noncent \u00ab un acharnement \u00bb orchestr\u00e9 par le groupe BSA contre leurs clients, accusant Bouamatttou d\u2019utiliser tous les leviers \u2013 judiciaires comme \u00e9conomiques \u2013 pour d\u00e9stabiliser ses adversaires.<br \/>\nMalgr\u00e9 les accusations, les contre-attaques et les tensions croissantes, les deux parties affirment vouloir s\u2019en remettre \u00e0 la justice pour trancher. En attendant, la saga judiciaire autour de Mattel continue d\u2019agiter les milieux \u00e9conomiques mauritaniens, o\u00f9 beaucoup scrutent l\u2019issue de ce bras de fer entre deux parmi les plus influents hommes d\u2019affaires du pays.<\/p>\n","protected":false},"excerpt":{"rendered":"<p>Le conflit entre les deux actionnaires de Mattel, Mohamed Ould Bouamatttou et B\u00e9chir Ould Moulaye El Hacen, conna\u00eet un nouveau rebondissement. Un feuilleton judiciaire qui dure depuis 2017, sur fond de guerre d\u2019int\u00e9r\u00eats et d\u2019accusations crois\u00e9es. Nouvel \u00e9pisode dans la guerre larv\u00e9e que se livrent depuis plusieurs ann\u00e9es deux poids lourds du monde des affaires &hellip;<\/p>\n","protected":false},"author":2,"featured_media":17419,"comment_status":"open","ping_status":"open","sticky":false,"template":"","format":"standard","meta":{"footnotes":""},"categories":[18,2],"tags":[],"class_list":["post-17418","post","type-post","status-publish","format-standard","has-post-thumbnail","hentry","category-actualites","category-economie"],"_links":{"self":[{"href":"https:\/\/ladepeche.mr\/index.php?rest_route=\/wp\/v2\/posts\/17418","targetHints":{"allow":["GET"]}}],"collection":[{"href":"https:\/\/ladepeche.mr\/index.php?rest_route=\/wp\/v2\/posts"}],"about":[{"href":"https:\/\/ladepeche.mr\/index.php?rest_route=\/wp\/v2\/types\/post"}],"author":[{"embeddable":true,"href":"https:\/\/ladepeche.mr\/index.php?rest_route=\/wp\/v2\/users\/2"}],"replies":[{"embeddable":true,"href":"https:\/\/ladepeche.mr\/index.php?rest_route=%2Fwp%2Fv2%2Fcomments&post=17418"}],"version-history":[{"count":2,"href":"https:\/\/ladepeche.mr\/index.php?rest_route=\/wp\/v2\/posts\/17418\/revisions"}],"predecessor-version":[{"id":17426,"href":"https:\/\/ladepeche.mr\/index.php?rest_route=\/wp\/v2\/posts\/17418\/revisions\/17426"}],"wp:featuredmedia":[{"embeddable":true,"href":"https:\/\/ladepeche.mr\/index.php?rest_route=\/wp\/v2\/media\/17419"}],"wp:attachment":[{"href":"https:\/\/ladepeche.mr\/index.php?rest_route=%2Fwp%2Fv2%2Fmedia&parent=17418"}],"wp:term":[{"taxonomy":"category","embeddable":true,"href":"https:\/\/ladepeche.mr\/index.php?rest_route=%2Fwp%2Fv2%2Fcategories&post=17418"},{"taxonomy":"post_tag","embeddable":true,"href":"https:\/\/ladepeche.mr\/index.php?rest_route=%2Fwp%2Fv2%2Ftags&post=17418"}],"curies":[{"name":"wp","href":"https:\/\/api.w.org\/{rel}","templated":true}]}}