{"id":17422,"date":"2025-08-07T19:00:39","date_gmt":"2025-08-07T19:00:39","guid":{"rendered":"https:\/\/ladepeche.mr\/?p=17422"},"modified":"2025-08-07T18:24:25","modified_gmt":"2025-08-07T18:24:25","slug":"kaedi-prevenir-les-inondations","status":"publish","type":"post","link":"https:\/\/ladepeche.mr\/?p=17422","title":{"rendered":"Ka\u00e9di : Pr\u00e9venir les inondations"},"content":{"rendered":"<p>Face aux inondations r\u00e9currentes qui ont touch\u00e9 la ville ces derni\u00e8res ann\u00e9es, les autorit\u00e9s locales ont lanc\u00e9, lundi dernier, la premi\u00e8re phase d\u2019un vaste projet d\u2019assainissement. Une op\u00e9ration cruciale inscrite dans le cadre du Plan gouvernemental de r\u00e9silience urbaine.<br \/>\nPilot\u00e9 par le Projet d\u2019Appui \u00e0 la D\u00e9centralisation et au D\u00e9veloppement des Villes Moyennes Productives (Moudoun en arabe), en partenariat avec l\u2019Office national de l\u2019assainissement (ONA) et financ\u00e9 par la Banque mondiale, ce programme vise \u00e0 renforcer durablement les infrastructures hydrauliques de Ka\u00e9di.<br \/>\nLa c\u00e9r\u00e9monie de lancement s\u2019est tenue en pr\u00e9sence du wali du Gorgol, M. Mohamed Mokhtar Ould Abdy, du coordinateur du projet MEDEN, M. Bouceif Ould Sid Ahmed, ainsi que du directeur g\u00e9n\u00e9ral de l\u2019ONA, Ahmed Zeidane Ould Ahmed Mahmoud.<\/p>\n<p><strong>Priorit\u00e9 au nettoyage du r\u00e9seau existant<\/strong><\/p>\n<p>Lors d\u2019une r\u00e9union organis\u00e9e au si\u00e8ge de la municipalit\u00e9, Bouceif Ould Sid Ahmed a expliqu\u00e9 que cette premi\u00e8re phase consiste au nettoyage en profondeur de l\u2019ancien r\u00e9seau d\u2019assainissement. Ce travail pr\u00e9paratoire pr\u00e9c\u00e8de des \u00e9tudes techniques qui seront lanc\u00e9es en octobre prochain et devraient s\u2019achever en mars 2026, en vue de travaux de fond programm\u00e9s pour le premier semestre de la m\u00eame ann\u00e9e.<br \/>\nLe coordinateur du projet a pr\u00e9cis\u00e9 que des \u00e9quipements et engins lourds seront d\u00e9ploy\u00e9s pour att\u00e9nuer les effets des prochaines inondations. Les contrats d\u2019acquisition de ces mat\u00e9riels, notamment des pompes, ont d\u00e9j\u00e0 \u00e9t\u00e9 sign\u00e9s, avec des livraisons pr\u00e9vues dans les semaines \u00e0 venir.<br \/>\nUn projet en parall\u00e8le : la gestion des d\u00e9chets<br \/>\nEn compl\u00e9ment, une \u00e9tude technique d\u00e9marrera le 8 ao\u00fbt sur un projet parall\u00e8le de gestion des d\u00e9chets solides. Un site de d\u00e9charge a \u00e9t\u00e9 identifi\u00e9 provisoirement pour accueillir les futurs d\u00e9chets trait\u00e9s. Cette initiative vise \u00e0 am\u00e9liorer les conditions sanitaires et l\u2019environnement urbain de Ka\u00e9di.<br \/>\nOuld Sid Ahmed a soulign\u00e9 l\u2019importance du respect des normes techniques tout au long du chantier et salu\u00e9 la mobilisation active de l\u2019ONA dans la mise en \u0153uvre du projet.<\/p>\n<p><strong>Un engagement fort des institutions locales<\/strong><br \/>\nLe directeur de l\u2019ONA, Ahmed Zeidane Ould Ahmed Mahmoud, a rappel\u00e9 l\u2019urgence de ces travaux pour limiter les effets n\u00e9fastes des pluies \u00e0 venir. Il a \u00e9galement affirm\u00e9 la disponibilit\u00e9 de son institution \u00e0 intervenir chaque fois que n\u00e9cessaire, insistant sur l\u2019importance du projet de gestion des d\u00e9chets en tant que compl\u00e9ment indispensable au programme d\u2019assainissement.<br \/>\nEn parall\u00e8le des travaux, des indemnisations ont \u00e9t\u00e9 vers\u00e9es aux personnes directement impact\u00e9es par les op\u00e9rations. La d\u00e9l\u00e9gation officielle a \u00e9galement effectu\u00e9 une visite de terrain sur plusieurs sites nettoy\u00e9s, ainsi que sur le site d\u2019enfouissement temporaire des d\u00e9chets.<br \/>\nCette visite a rassembl\u00e9 plusieurs responsables administratifs et techniques, dont le vice-pr\u00e9sident du Conseil r\u00e9gional du Gorgol, le hakem adjoint de Ka\u00e9di, le maire de la ville, ainsi que des membres des \u00e9quipes MOUDEN et de l\u2019ONA<\/p>\n","protected":false},"excerpt":{"rendered":"<p>Face aux inondations r\u00e9currentes qui ont touch\u00e9 la ville ces derni\u00e8res ann\u00e9es, les autorit\u00e9s locales ont lanc\u00e9, lundi dernier, la premi\u00e8re phase d\u2019un vaste projet d\u2019assainissement. Une op\u00e9ration cruciale inscrite dans le cadre du Plan gouvernemental de r\u00e9silience urbaine. Pilot\u00e9 par le Projet d\u2019Appui \u00e0 la D\u00e9centralisation et au D\u00e9veloppement des Villes Moyennes Productives (Moudoun &hellip;<\/p>\n","protected":false},"author":2,"featured_media":17423,"comment_status":"open","ping_status":"open","sticky":false,"template":"","format":"standard","meta":{"footnotes":""},"categories":[18],"tags":[],"class_list":["post-17422","post","type-post","status-publish","format-standard","has-post-thumbnail","hentry","category-actualites"],"_links":{"self":[{"href":"https:\/\/ladepeche.mr\/index.php?rest_route=\/wp\/v2\/posts\/17422","targetHints":{"allow":["GET"]}}],"collection":[{"href":"https:\/\/ladepeche.mr\/index.php?rest_route=\/wp\/v2\/posts"}],"about":[{"href":"https:\/\/ladepeche.mr\/index.php?rest_route=\/wp\/v2\/types\/post"}],"author":[{"embeddable":true,"href":"https:\/\/ladepeche.mr\/index.php?rest_route=\/wp\/v2\/users\/2"}],"replies":[{"embeddable":true,"href":"https:\/\/ladepeche.mr\/index.php?rest_route=%2Fwp%2Fv2%2Fcomments&post=17422"}],"version-history":[{"count":2,"href":"https:\/\/ladepeche.mr\/index.php?rest_route=\/wp\/v2\/posts\/17422\/revisions"}],"predecessor-version":[{"id":17425,"href":"https:\/\/ladepeche.mr\/index.php?rest_route=\/wp\/v2\/posts\/17422\/revisions\/17425"}],"wp:featuredmedia":[{"embeddable":true,"href":"https:\/\/ladepeche.mr\/index.php?rest_route=\/wp\/v2\/media\/17423"}],"wp:attachment":[{"href":"https:\/\/ladepeche.mr\/index.php?rest_route=%2Fwp%2Fv2%2Fmedia&parent=17422"}],"wp:term":[{"taxonomy":"category","embeddable":true,"href":"https:\/\/ladepeche.mr\/index.php?rest_route=%2Fwp%2Fv2%2Fcategories&post=17422"},{"taxonomy":"post_tag","embeddable":true,"href":"https:\/\/ladepeche.mr\/index.php?rest_route=%2Fwp%2Fv2%2Ftags&post=17422"}],"curies":[{"name":"wp","href":"https:\/\/api.w.org\/{rel}","templated":true}]}}