{"id":17430,"date":"2025-08-07T21:00:33","date_gmt":"2025-08-07T21:00:33","guid":{"rendered":"https:\/\/ladepeche.mr\/?p=17430"},"modified":"2025-08-07T21:00:33","modified_gmt":"2025-08-07T21:00:33","slug":"gestion-des-dechets-a-nouakchott-arma-holding-sommee-de-reagir-sous-48-heures","status":"publish","type":"post","link":"https:\/\/ladepeche.mr\/?p=17430","title":{"rendered":"Gestion des d\u00e9chets \u00e0 Nouakchott : ARMA Holding somm\u00e9e de r\u00e9agir sous 48 heures"},"content":{"rendered":"<p>L\u2019entreprise marocaine ARMA Holding, en charge de la gestion des d\u00e9chets dans la capitale mauritanienne, dispose de 48 heures pour rem\u00e9dier aux dysfonctionnements constat\u00e9s sur le terrain. Pass\u00e9 ce d\u00e9lai, elle s\u2019expose \u00e0 des sanctions contractuelles.<br \/>\nL\u2019ultimatum a \u00e9t\u00e9 lanc\u00e9 ce mercredi par le ministre d\u00e9l\u00e9gu\u00e9 aupr\u00e8s du ministre de l\u2019Int\u00e9rieur, charg\u00e9 de la D\u00e9centralisation et du D\u00e9veloppement local, Yacoub Ould Salem Vall, lors d\u2019une visite d\u2019inspection dans la wilaya de Nouakchott-Ouest.<br \/>\nUne tourn\u00e9e qui s\u2019inscrit dans le cadre du suivi du Plan de Propret\u00e9 de la ville et du contr\u00f4le du respect des engagements pris par l\u2019op\u00e9rateur.<br \/>\nLe ministre a exhort\u00e9 ARMA Holding \u00e0 intensifier ses efforts en mati\u00e8re de collecte et de traitement des d\u00e9chets, notamment en renfor\u00e7ant ses \u00e9quipes et en mobilisant davantage de moyens logistiques. Toute d\u00e9faillance non corrig\u00e9e dans un d\u00e9lai de 48 heures sera sanctionn\u00e9e par des p\u00e9nalit\u00e9s financi\u00e8res, conform\u00e9ment aux clauses du contrat, aurait menac\u00e9 le ministre.<br \/>\nLa visite \u00e0 Nouakchott-Ouest fait suite \u00e0 celles effectu\u00e9es la veille dans les wilayas de Nouakchott-Nord et Sud. Elle a d\u00e9but\u00e9 par une r\u00e9union avec les autorit\u00e9s locales avant de se poursuivre par une s\u00e9rie de descentes sur les sites de collecte, au cours desquelles plusieurs blocages ont \u00e9t\u00e9 identifi\u00e9s par les \u00e9quipes techniques.<br \/>\nPr\u00e9sent sur les lieux, le maire de Tevragh Zeina, Taleb Ould Mahjoub, a salu\u00e9 l\u2019implication directe du gouvernement, y voyant un signe positif. \u00ab Cette nouvelle dynamique pourrait permettre de sortir Nouakchott de la crise des d\u00e9chets de fa\u00e7on durable \u00bb, a-t-il d\u00e9clar\u00e9.<\/p>\n","protected":false},"excerpt":{"rendered":"<p>L\u2019entreprise marocaine ARMA Holding, en charge de la gestion des d\u00e9chets dans la capitale mauritanienne, dispose de 48 heures pour rem\u00e9dier aux dysfonctionnements constat\u00e9s sur le terrain. Pass\u00e9 ce d\u00e9lai, elle s\u2019expose \u00e0 des sanctions contractuelles. L\u2019ultimatum a \u00e9t\u00e9 lanc\u00e9 ce mercredi par le ministre d\u00e9l\u00e9gu\u00e9 aupr\u00e8s du ministre de l\u2019Int\u00e9rieur, charg\u00e9 de la D\u00e9centralisation &hellip;<\/p>\n","protected":false},"author":2,"featured_media":17431,"comment_status":"open","ping_status":"open","sticky":false,"template":"","format":"standard","meta":{"footnotes":""},"categories":[18,2],"tags":[],"class_list":["post-17430","post","type-post","status-publish","format-standard","has-post-thumbnail","hentry","category-actualites","category-economie"],"_links":{"self":[{"href":"https:\/\/ladepeche.mr\/index.php?rest_route=\/wp\/v2\/posts\/17430","targetHints":{"allow":["GET"]}}],"collection":[{"href":"https:\/\/ladepeche.mr\/index.php?rest_route=\/wp\/v2\/posts"}],"about":[{"href":"https:\/\/ladepeche.mr\/index.php?rest_route=\/wp\/v2\/types\/post"}],"author":[{"embeddable":true,"href":"https:\/\/ladepeche.mr\/index.php?rest_route=\/wp\/v2\/users\/2"}],"replies":[{"embeddable":true,"href":"https:\/\/ladepeche.mr\/index.php?rest_route=%2Fwp%2Fv2%2Fcomments&post=17430"}],"version-history":[{"count":1,"href":"https:\/\/ladepeche.mr\/index.php?rest_route=\/wp\/v2\/posts\/17430\/revisions"}],"predecessor-version":[{"id":17432,"href":"https:\/\/ladepeche.mr\/index.php?rest_route=\/wp\/v2\/posts\/17430\/revisions\/17432"}],"wp:featuredmedia":[{"embeddable":true,"href":"https:\/\/ladepeche.mr\/index.php?rest_route=\/wp\/v2\/media\/17431"}],"wp:attachment":[{"href":"https:\/\/ladepeche.mr\/index.php?rest_route=%2Fwp%2Fv2%2Fmedia&parent=17430"}],"wp:term":[{"taxonomy":"category","embeddable":true,"href":"https:\/\/ladepeche.mr\/index.php?rest_route=%2Fwp%2Fv2%2Fcategories&post=17430"},{"taxonomy":"post_tag","embeddable":true,"href":"https:\/\/ladepeche.mr\/index.php?rest_route=%2Fwp%2Fv2%2Ftags&post=17430"}],"curies":[{"name":"wp","href":"https:\/\/api.w.org\/{rel}","templated":true}]}}