{"id":17433,"date":"2025-08-07T23:34:58","date_gmt":"2025-08-07T23:34:58","guid":{"rendered":"https:\/\/ladepeche.mr\/?p=17433"},"modified":"2025-08-07T23:34:58","modified_gmt":"2025-08-07T23:34:58","slug":"inde-modi-refuse-tout-compromis-avec-trump-sur-les-droits-de-douane","status":"publish","type":"post","link":"https:\/\/ladepeche.mr\/?p=17433","title":{"rendered":"Inde : Modi refuse tout compromis avec Trump sur les droits de douane"},"content":{"rendered":"<p>Le Premier ministre indien Narendra Modi veut prot\u00e9ger sa population et refuse tout compromis.<\/p>\n<p>Alors que Donald Trump a impos\u00e9 des droits de douane suppl\u00e9mentaires de 25 % \u00e0 l&#8217;Inde, le Premier ministre indien joue la carte de la r\u00e9sistance.<\/p>\n<p>Jeudi lors d&#8217;une conf\u00e9rence \u00e0 New Delhi, Narendra Modi a refus\u00e9 cat\u00e9goriquement toute id\u00e9e de compromis pour prot\u00e9ger le secteur primaire de son pays. <\/p>\n<p>&#8221; Pour nous, les int\u00e9r\u00eats de nos agriculteurs sont notre priorit\u00e9 absolue. L&#8217;Inde ne fera jamais de compromis sur les int\u00e9r\u00eats de ses agriculteurs, \u00e9leveurs et p\u00eacheurs, nos fr\u00e8res et s\u0153urs.&#8221;, a-t-il d\u00e9clar\u00e9.<\/p>\n<p> La d\u00e9cision am\u00e9ricaine vise \u00e0 punir l\u2019achat de p\u00e9trole russe par l\u2019Inde. Le d\u00e9cret entrera en vigueur dans 21 jours et portera \u00e0 50 % les droits de douane combin\u00e9s impos\u00e9s \u00e0 l&#8217;Inde. <\/p>\n<p>&#8221;Je sais que personnellement, je devrai en payer le prix fort, mais je suis pr\u00eat \u00e0 le faire. Aujourd&#8217;hui, l&#8217;Inde est pr\u00eate pour les agriculteurs de mon pays, pour les p\u00eacheurs de mon pays, pour les \u00e9leveurs de mon pays.&#8221;, a d\u00e9clar\u00e9 Narendra Modi, Premier ministre indien.<br \/>\nL&#8217;Inde et les \u00c9tats-Unis ont men\u00e9 cinq cycles de n\u00e9gociations sur un accord commercial bilat\u00e9ral, sans succ\u00e8s.<br \/>\nhttps:\/\/www.msn.com\/fr-xl\/politique\/gouvernement\/inde-modi-refuse-tout-compromis-avec-trump-sur-les-droits-de-douane\/ar-AA1K4Qzr?ocid=msedgntp&#038;pc=U531&#038;cvid=903058b95c8b4395ba7b0d7576c2710a&#038;ei=51<\/p>\n","protected":false},"excerpt":{"rendered":"<p>Le Premier ministre indien Narendra Modi veut prot\u00e9ger sa population et refuse tout compromis. Alors que Donald Trump a impos\u00e9 des droits de douane suppl\u00e9mentaires de 25 % \u00e0 l&#8217;Inde, le Premier ministre indien joue la carte de la r\u00e9sistance. Jeudi lors d&#8217;une conf\u00e9rence \u00e0 New Delhi, Narendra Modi a refus\u00e9 cat\u00e9goriquement toute id\u00e9e de &hellip;<\/p>\n","protected":false},"author":2,"featured_media":17434,"comment_status":"open","ping_status":"open","sticky":false,"template":"","format":"standard","meta":{"footnotes":""},"categories":[18,29],"tags":[],"class_list":["post-17433","post","type-post","status-publish","format-standard","has-post-thumbnail","hentry","category-actualites","category-monde"],"_links":{"self":[{"href":"https:\/\/ladepeche.mr\/index.php?rest_route=\/wp\/v2\/posts\/17433","targetHints":{"allow":["GET"]}}],"collection":[{"href":"https:\/\/ladepeche.mr\/index.php?rest_route=\/wp\/v2\/posts"}],"about":[{"href":"https:\/\/ladepeche.mr\/index.php?rest_route=\/wp\/v2\/types\/post"}],"author":[{"embeddable":true,"href":"https:\/\/ladepeche.mr\/index.php?rest_route=\/wp\/v2\/users\/2"}],"replies":[{"embeddable":true,"href":"https:\/\/ladepeche.mr\/index.php?rest_route=%2Fwp%2Fv2%2Fcomments&post=17433"}],"version-history":[{"count":1,"href":"https:\/\/ladepeche.mr\/index.php?rest_route=\/wp\/v2\/posts\/17433\/revisions"}],"predecessor-version":[{"id":17435,"href":"https:\/\/ladepeche.mr\/index.php?rest_route=\/wp\/v2\/posts\/17433\/revisions\/17435"}],"wp:featuredmedia":[{"embeddable":true,"href":"https:\/\/ladepeche.mr\/index.php?rest_route=\/wp\/v2\/media\/17434"}],"wp:attachment":[{"href":"https:\/\/ladepeche.mr\/index.php?rest_route=%2Fwp%2Fv2%2Fmedia&parent=17433"}],"wp:term":[{"taxonomy":"category","embeddable":true,"href":"https:\/\/ladepeche.mr\/index.php?rest_route=%2Fwp%2Fv2%2Fcategories&post=17433"},{"taxonomy":"post_tag","embeddable":true,"href":"https:\/\/ladepeche.mr\/index.php?rest_route=%2Fwp%2Fv2%2Ftags&post=17433"}],"curies":[{"name":"wp","href":"https:\/\/api.w.org\/{rel}","templated":true}]}}