{"id":17436,"date":"2025-08-07T23:41:21","date_gmt":"2025-08-07T23:41:21","guid":{"rendered":"https:\/\/ladepeche.mr\/?p=17436"},"modified":"2025-08-09T22:15:36","modified_gmt":"2025-08-09T22:15:36","slug":"declaration-dedouard-beigbeder-directeur-regional-de-lunicef-pour-le-moyen-orient-et-lafrique-du-nord-sur-les-deces-inacceptables-denfants-morts-de-la-faim-dans-l","status":"publish","type":"post","link":"https:\/\/ladepeche.mr\/?p=17436","title":{"rendered":"D\u00e9claration d\u2019Edouard Beigbeder, directeur r\u00e9gional de l\u2019UNICEF pour le Moyen-Orient et l\u2019Afrique du Nord, sur les d\u00e9c\u00e8s inacceptables d\u2019enfants morts de la faim dans la bande de Gaza."},"content":{"rendered":"<p>\u00abLes enfants de la bande de Gaza meurent de faim&#8221;.<br \/>\n\u00ab La malnutrition s\u00e9v\u00e8re se propage parmi les enfants plus rapidement que l\u2019aide ne peut leur parvenir, et le monde entire est t\u00e9moin de cette trag\u00e9die. Depuis avril dernier, le nombre d\u2019enfants morts de malnutrition est pass\u00e9 de 52 \u00e0 80, soit une augmentation vertigineuse de 54 % en moins de trois mois, selon le minist\u00e8re palestinien de la Sant\u00e9. En seulement 48 heures, au moins quatre autres enfants seraient morts de faim. Au total, plus de 100 personnes sont mortes de malnutrition pendant cette guerre, dont 80 % d\u2019enfants.<\/p>\n<p>Ces d\u00e9c\u00e8s sont inadmissibles et auraient pu \u00eatre \u00e9vit\u00e9s. La r\u00e9ponse humanitaire men\u00e9e par les Nations unies doit pouvoir fonctionner pleinement gr\u00e2ce \u00e0 un acc\u00e8s sans entrave \u00e0 l\u2019aide pour les enfants dans le besoin.<\/p>\n<p>Sans cela, nous assisterons \u00e0 une nouvelle augmentation de la malnutrition aigu\u00eb. En juin, le nombre d\u2019enfants admis pour traitement contre la malnutrition a atteint son plus haut niveau depuis le d\u00e9but du conflit, avec 6 500 enfants admis. Le mois de juillet affiche d\u00e9j\u00e0 des chiffres plus \u00e9lev\u00e9s, avec 5 000 enfants admis en seulement deux semaines. Dans la seule ville de Gaza, parmi les enfants examin\u00e9s, le pourcentage de ceux souffrant de malnutrition aigu\u00eb a quadrupl\u00e9 par rapport \u00e0 f\u00e9vrier.<\/p>\n<p>L\u2019UNICEF et ses partenaires restent dans la bande de Gaza pour d\u00e9pister et traiter les enfants souffrant de malnutrition, mais pour pouvoir inverser la situation catastrophique \u00e0 laquelle nous sommes confront\u00e9s, un flux soutenu et planifi\u00e9 d\u2019aide humanitaire et commerciale est n\u00e9cessaire de toute urgence. Le carburant doit arriver en quantit\u00e9s suffisantes pour permettre aux services vitaux de fonctionner. Les enfants doivent \u00eatre prot\u00e9g\u00e9s, et non tu\u00e9s ou abandonn\u00e9s \u00e0 la faim.<\/p>\n<p>Un cessez-le-feu et la lib\u00e9ration des otages sont n\u00e9cessaires de toute urgence. Maintenant. \u00bb<\/p>\n","protected":false},"excerpt":{"rendered":"<p>\u00abLes enfants de la bande de Gaza meurent de faim&#8221;. \u00ab La malnutrition s\u00e9v\u00e8re se propage parmi les enfants plus rapidement que l\u2019aide ne peut leur parvenir, et le monde entire est t\u00e9moin de cette trag\u00e9die. Depuis avril dernier, le nombre d\u2019enfants morts de malnutrition est pass\u00e9 de 52 \u00e0 80, soit une augmentation vertigineuse &hellip;<\/p>\n","protected":false},"author":2,"featured_media":17452,"comment_status":"open","ping_status":"open","sticky":false,"template":"","format":"standard","meta":{"footnotes":""},"categories":[18,29],"tags":[],"class_list":["post-17436","post","type-post","status-publish","format-standard","has-post-thumbnail","hentry","category-actualites","category-monde"],"_links":{"self":[{"href":"https:\/\/ladepeche.mr\/index.php?rest_route=\/wp\/v2\/posts\/17436","targetHints":{"allow":["GET"]}}],"collection":[{"href":"https:\/\/ladepeche.mr\/index.php?rest_route=\/wp\/v2\/posts"}],"about":[{"href":"https:\/\/ladepeche.mr\/index.php?rest_route=\/wp\/v2\/types\/post"}],"author":[{"embeddable":true,"href":"https:\/\/ladepeche.mr\/index.php?rest_route=\/wp\/v2\/users\/2"}],"replies":[{"embeddable":true,"href":"https:\/\/ladepeche.mr\/index.php?rest_route=%2Fwp%2Fv2%2Fcomments&post=17436"}],"version-history":[{"count":3,"href":"https:\/\/ladepeche.mr\/index.php?rest_route=\/wp\/v2\/posts\/17436\/revisions"}],"predecessor-version":[{"id":17454,"href":"https:\/\/ladepeche.mr\/index.php?rest_route=\/wp\/v2\/posts\/17436\/revisions\/17454"}],"wp:featuredmedia":[{"embeddable":true,"href":"https:\/\/ladepeche.mr\/index.php?rest_route=\/wp\/v2\/media\/17452"}],"wp:attachment":[{"href":"https:\/\/ladepeche.mr\/index.php?rest_route=%2Fwp%2Fv2%2Fmedia&parent=17436"}],"wp:term":[{"taxonomy":"category","embeddable":true,"href":"https:\/\/ladepeche.mr\/index.php?rest_route=%2Fwp%2Fv2%2Fcategories&post=17436"},{"taxonomy":"post_tag","embeddable":true,"href":"https:\/\/ladepeche.mr\/index.php?rest_route=%2Fwp%2Fv2%2Ftags&post=17436"}],"curies":[{"name":"wp","href":"https:\/\/api.w.org\/{rel}","templated":true}]}}