{"id":17438,"date":"2025-08-08T20:31:25","date_gmt":"2025-08-08T20:31:25","guid":{"rendered":"https:\/\/ladepeche.mr\/?p=17438"},"modified":"2025-08-08T20:31:25","modified_gmt":"2025-08-08T20:31:25","slug":"annonce-dannexion-de-gaza-par-israel-vive-condamnation-par-la-mauritanie","status":"publish","type":"post","link":"https:\/\/ladepeche.mr\/?p=17438","title":{"rendered":"Annonce d&#8217;annexion de Gaza par Isra\u00eal: Vive condamnation par la Mauritanie"},"content":{"rendered":"<p>La R\u00e9publique Islamique de Mauritanie a fermement condamn\u00e9, vendredi soir, le plan annonc\u00e9 par le Conseil des ministres isra\u00e9lien visant \u00e0 occuper enti\u00e8rement la bande de Gaza, le qualifiant de \u00abd\u00e9cision injuste \u00bb et d\u2019\u00ab escalade sans pr\u00e9c\u00e9dent \u00bb contre le peuple palestinien.<\/p>\n<p>Dans un communiqu\u00e9 \u00e9mis par le minist\u00e8re des Affaires \u00e9trang\u00e8res, de la Coop\u00e9ration africaine et des Mauritaniens de l\u2019Ext\u00e9rieur, relay\u00e9 par l\u2019Agence Mauritanienne d\u2019Information (AMI), les autorit\u00e9s mauritaniennes d\u00e9noncent une violation flagrante du droit international et des conventions humanitaires, estimant que cette initiative menace gravement la paix, la s\u00e9curit\u00e9 et les efforts de r\u00e9solution du conflit au Proche-Orient.<\/p>\n<p>\u00ab Ce plan s\u2019inscrit dans une logique de guerre d\u2019extermination, visant \u00e0 consolider la colonisation et l\u2019occupation, tant en Cisjordanie que dans la bande de Gaza \u00bb, souligne le communiqu\u00e9. La Mauritanie y exprime son soutien ind\u00e9fectible au peuple palestinien et \u00e0 son droit \u00e0 l\u2019autod\u00e9termination, ainsi qu\u2019\u00e0 l\u2019\u00e9tablissement d\u2019un \u00c9tat ind\u00e9pendant.<\/p>\n<p>Face \u00e0 la gravit\u00e9 de la situation, Nouakchott appelle la communaut\u00e9 internationale \u00e0 intervenir de mani\u00e8re urgente pour faire obstacle \u00e0 ce plan, stopper ce qu\u2019elle qualifie de \u00ab g\u00e9nocide syst\u00e9matique \u00bb contre les habitants de Gaza, et \u0153uvrer \u00e0 une solution politique juste et durable, fond\u00e9e sur la dignit\u00e9 et les droits inali\u00e9nables du peuple palestinien.<\/p>\n<p>Selon les autorit\u00e9s mauritaniennes, seule une solution \u00e9quitable permettra \u00e0 la r\u00e9gion de retrouver la paix, la s\u00e9curit\u00e9 et la stabilit\u00e9<\/p>\n","protected":false},"excerpt":{"rendered":"<p>La R\u00e9publique Islamique de Mauritanie a fermement condamn\u00e9, vendredi soir, le plan annonc\u00e9 par le Conseil des ministres isra\u00e9lien visant \u00e0 occuper enti\u00e8rement la bande de Gaza, le qualifiant de \u00abd\u00e9cision injuste \u00bb et d\u2019\u00ab escalade sans pr\u00e9c\u00e9dent \u00bb contre le peuple palestinien. Dans un communiqu\u00e9 \u00e9mis par le minist\u00e8re des Affaires \u00e9trang\u00e8res, de la &hellip;<\/p>\n","protected":false},"author":2,"featured_media":12224,"comment_status":"open","ping_status":"open","sticky":false,"template":"","format":"standard","meta":{"footnotes":""},"categories":[18,29],"tags":[],"class_list":["post-17438","post","type-post","status-publish","format-standard","has-post-thumbnail","hentry","category-actualites","category-monde"],"_links":{"self":[{"href":"https:\/\/ladepeche.mr\/index.php?rest_route=\/wp\/v2\/posts\/17438","targetHints":{"allow":["GET"]}}],"collection":[{"href":"https:\/\/ladepeche.mr\/index.php?rest_route=\/wp\/v2\/posts"}],"about":[{"href":"https:\/\/ladepeche.mr\/index.php?rest_route=\/wp\/v2\/types\/post"}],"author":[{"embeddable":true,"href":"https:\/\/ladepeche.mr\/index.php?rest_route=\/wp\/v2\/users\/2"}],"replies":[{"embeddable":true,"href":"https:\/\/ladepeche.mr\/index.php?rest_route=%2Fwp%2Fv2%2Fcomments&post=17438"}],"version-history":[{"count":1,"href":"https:\/\/ladepeche.mr\/index.php?rest_route=\/wp\/v2\/posts\/17438\/revisions"}],"predecessor-version":[{"id":17439,"href":"https:\/\/ladepeche.mr\/index.php?rest_route=\/wp\/v2\/posts\/17438\/revisions\/17439"}],"wp:featuredmedia":[{"embeddable":true,"href":"https:\/\/ladepeche.mr\/index.php?rest_route=\/wp\/v2\/media\/12224"}],"wp:attachment":[{"href":"https:\/\/ladepeche.mr\/index.php?rest_route=%2Fwp%2Fv2%2Fmedia&parent=17438"}],"wp:term":[{"taxonomy":"category","embeddable":true,"href":"https:\/\/ladepeche.mr\/index.php?rest_route=%2Fwp%2Fv2%2Fcategories&post=17438"},{"taxonomy":"post_tag","embeddable":true,"href":"https:\/\/ladepeche.mr\/index.php?rest_route=%2Fwp%2Fv2%2Ftags&post=17438"}],"curies":[{"name":"wp","href":"https:\/\/api.w.org\/{rel}","templated":true}]}}