{"id":17449,"date":"2025-08-09T21:52:48","date_gmt":"2025-08-09T21:52:48","guid":{"rendered":"https:\/\/ladepeche.mr\/?p=17449"},"modified":"2025-08-09T21:52:48","modified_gmt":"2025-08-09T21:52:48","slug":"la-premiere-dame-preside-la-ceremonie-dhommage-aux-eleves-ayant-excelle-aux-examens-nationaux","status":"publish","type":"post","link":"https:\/\/ladepeche.mr\/?p=17449","title":{"rendered":"La Premi\u00e8re Dame pr\u00e9side la c\u00e9r\u00e9monie d\u2019hommage aux \u00e9l\u00e8ves ayant excell\u00e9 aux examens nationaux"},"content":{"rendered":"<p>La Premi\u00e8re Dame, Dr Mari\u00e8me Mohamed Fadel Dah, a pr\u00e9sid\u00e9, vendredi soir, au Palais pr\u00e9sidentiel, \u00e0 Nouakchott, la c\u00e9r\u00e9monie d\u2019hommage aux \u00e9l\u00e8ves ayant excell\u00e9 aux examens nationaux, en pr\u00e9sence d\u2019un certain nombre de personnalit\u00e9s du monde de l\u2019\u00e9ducation et des familles des \u00e9l\u00e8ves.<br \/>\nLa c\u00e9r\u00e9monie d\u2019hommage \u00e0 ce groupe, qui comprend certains \u00e9l\u00e8ves \u00e0 besoin sp\u00e9cifiques, s\u2019est d\u00e9roul\u00e9e dans une ambiance festive domin\u00e9e par des sentiments de fiert\u00e9 pour les r\u00e9sultats honorables obtenus par les fils et les filles du pays.<br \/>\nDans un discours prononc\u00e9 \u00e0 cette occasion, la Premi\u00e8re Dame a exprim\u00e9 sa joie de rencontrer les \u00e9l\u00e8ves et leurs parents, saluant les efforts collectifs qui ont abouti \u00e0 cette excellence remarquable, que ce soit par les \u00e9l\u00e8ves eux-m\u00eames ou gr\u00e2ce au soutien apport\u00e9 par les parents et le personnel \u00e9ducatif.<br \/>\nElle a fait l\u2019\u00e9loge des mod\u00e8les d\u2019excellence pr\u00e9sent\u00e9s au cours de la c\u00e9r\u00e9monie, notant que les histoires de r\u00e9ussite et de d\u00e9fi entendues par l\u2019auditoire incarnent la r\u00e9alit\u00e9 de milliers d\u2019\u00e9tudiants en Mauritanie qui font face aux difficult\u00e9s avec d\u00e9termination et pers\u00e9v\u00e9rance.<br \/>\nLa Premi\u00e8re Dame a \u00e9t\u00e9 touch\u00e9e par l\u2019histoire d\u2019un \u00e9l\u00e8ve qui a li\u00e9 sa r\u00e9ussite \u00e0 son d\u00e9sir de rendre sa m\u00e8re heureuse, soulignant que de telles intentions sinc\u00e8res peuvent apporter de la joie dans le c\u0153ur de tous, notant que cette ann\u00e9e a \u00e9t\u00e9 t\u00e9moin de l\u2019excellence remarquable des filles dans divers examens nationaux.<br \/>\nCes succ\u00e8s f\u00e9minins historiques refl\u00e8tent des messages de force et d\u2019inspiration qui m\u00e9ritent d\u2019\u00eatre c\u00e9l\u00e9br\u00e9s et appr\u00e9ci\u00e9s, ce qui l\u2019a incit\u00e9e \u00e0 organiser personnellement cette c\u00e9r\u00e9monie, en honorant \u00e0 la fois les hommes et les femmes qui ont r\u00e9ussi, avec l\u2019ambition de faire de cette c\u00e9r\u00e9monie une tradition annuelle.<br \/>\nLa Pemi\u00e8re dame a d\u00e9clar\u00e9 que cet hommage n\u2019\u00e9tait pas seulement destin\u00e9 aux \u00e9tudiants, mais aussi aux familles qui ont fait de grands efforts pour \u00e9lever, nourrir et soutenir leurs enfants, remerciant les m\u00e8res et les p\u00e8res pour leur r\u00f4le essentiel sur le chemin de la r\u00e9ussite.<br \/>\nElle a soulign\u00e9 que l\u2019investissement dans l\u2019\u00e9ducation est le seul moyen de cr\u00e9er l\u2019avenir, appelant les laur\u00e9ats \u00e0 continuer d\u2019exceller dans leur carri\u00e8re universitaire et professionnelle, et \u00e0 croire en l\u2019importance de la science comme moyen de changement individuel et collectif.<br \/>\nElle a exprim\u00e9 sa fiert\u00e9 personnelle \u00e0 l\u2019\u00e9gard de tous les laur\u00e9ats et leur a souhait\u00e9 un avenir radieux.<br \/>\nDans leurs discours, les repr\u00e9sents des \u00e9l\u00e8ves distingu\u00e9s ont salu\u00e9 les efforts d\u00e9ploy\u00e9s par Son Excellence le Pr\u00e9sident de la R\u00e9publique, qui a non seulement mis en place des conditions d\u2019enseignement appropri\u00e9es, mais a \u00e9galement montr\u00e9 sa grande volont\u00e9 d\u2019honorer cette g\u00e9n\u00e9ration d\u2019innovateurs dans divers domaines acad\u00e9miques, et ont consid\u00e9r\u00e9 le fait que la Premi\u00e8re Dame les ait honor\u00e9s comme une incitation suppl\u00e9mentaire \u00e0 continuer \u00e0 viser l\u2019excellence dans les prochaines \u00e9tapes de leur carri\u00e8re \u00e9ducative.<br \/>\nIls ont soulign\u00e9 que de telles mesures renforcent leur motivation \u00e0 accomplir davantage.<br \/>\nLa c\u00e9r\u00e9monie s\u2019est d\u00e9roul\u00e9e en pr\u00e9sence de la ministre conseill\u00e8re du Pr\u00e9sident de la R\u00e9publique, Mme Aissata Ba Yahya, de la ministre de l\u2019\u00e9ducation et de la r\u00e9forme du syst\u00e8me d\u2019enseignement, Mme Houda Babah, et de la ministre de l\u2019action sociale, de l\u2019enfance et de la famille, Mme Safia Ntahah.<br \/>\nAmi<\/p>\n","protected":false},"excerpt":{"rendered":"<p>La Premi\u00e8re Dame, Dr Mari\u00e8me Mohamed Fadel Dah, a pr\u00e9sid\u00e9, vendredi soir, au Palais pr\u00e9sidentiel, \u00e0 Nouakchott, la c\u00e9r\u00e9monie d\u2019hommage aux \u00e9l\u00e8ves ayant excell\u00e9 aux examens nationaux, en pr\u00e9sence d\u2019un certain nombre de personnalit\u00e9s du monde de l\u2019\u00e9ducation et des familles des \u00e9l\u00e8ves. La c\u00e9r\u00e9monie d\u2019hommage \u00e0 ce groupe, qui comprend certains \u00e9l\u00e8ves \u00e0 besoin &hellip;<\/p>\n","protected":false},"author":2,"featured_media":17450,"comment_status":"open","ping_status":"open","sticky":false,"template":"","format":"standard","meta":{"footnotes":""},"categories":[18],"tags":[],"class_list":["post-17449","post","type-post","status-publish","format-standard","has-post-thumbnail","hentry","category-actualites"],"_links":{"self":[{"href":"https:\/\/ladepeche.mr\/index.php?rest_route=\/wp\/v2\/posts\/17449","targetHints":{"allow":["GET"]}}],"collection":[{"href":"https:\/\/ladepeche.mr\/index.php?rest_route=\/wp\/v2\/posts"}],"about":[{"href":"https:\/\/ladepeche.mr\/index.php?rest_route=\/wp\/v2\/types\/post"}],"author":[{"embeddable":true,"href":"https:\/\/ladepeche.mr\/index.php?rest_route=\/wp\/v2\/users\/2"}],"replies":[{"embeddable":true,"href":"https:\/\/ladepeche.mr\/index.php?rest_route=%2Fwp%2Fv2%2Fcomments&post=17449"}],"version-history":[{"count":1,"href":"https:\/\/ladepeche.mr\/index.php?rest_route=\/wp\/v2\/posts\/17449\/revisions"}],"predecessor-version":[{"id":17451,"href":"https:\/\/ladepeche.mr\/index.php?rest_route=\/wp\/v2\/posts\/17449\/revisions\/17451"}],"wp:featuredmedia":[{"embeddable":true,"href":"https:\/\/ladepeche.mr\/index.php?rest_route=\/wp\/v2\/media\/17450"}],"wp:attachment":[{"href":"https:\/\/ladepeche.mr\/index.php?rest_route=%2Fwp%2Fv2%2Fmedia&parent=17449"}],"wp:term":[{"taxonomy":"category","embeddable":true,"href":"https:\/\/ladepeche.mr\/index.php?rest_route=%2Fwp%2Fv2%2Fcategories&post=17449"},{"taxonomy":"post_tag","embeddable":true,"href":"https:\/\/ladepeche.mr\/index.php?rest_route=%2Fwp%2Fv2%2Ftags&post=17449"}],"curies":[{"name":"wp","href":"https:\/\/api.w.org\/{rel}","templated":true}]}}