{"id":17458,"date":"2025-08-10T18:06:50","date_gmt":"2025-08-10T18:06:50","guid":{"rendered":"https:\/\/ladepeche.mr\/?p=17458"},"modified":"2025-08-10T18:07:36","modified_gmt":"2025-08-10T18:07:36","slug":"17458","status":"publish","type":"post","link":"https:\/\/ladepeche.mr\/?p=17458","title":{"rendered":"Elevage: comment r\u00e9guler les march\u00e9s frontaliers&#8230;"},"content":{"rendered":"<p>Le ministre de l\u2019\u00c9levage, Mokhtar Ould Gaguih, a pr\u00e9sid\u00e9 dimanche \u00e0 Rosso une r\u00e9union de consultation sur les march\u00e9s frontaliers du b\u00e9tail.<br \/>\nL\u2019\u00e9v\u00e9nement, organis\u00e9 avec les f\u00e9d\u00e9rations du secteur, vise \u00e0 am\u00e9liorer l\u2019infrastructure et la r\u00e9gulation du commerce du b\u00e9tail aux fronti\u00e8res.<br \/>\nAu cours de cette rencontre, le ministre a rappel\u00e9 que l\u2019\u00e9levage repr\u00e9sente 10 % du PIB national et qu&#8217;il joue un r\u00f4le cl\u00e9 dans la s\u00e9curit\u00e9 alimentaire.<br \/>\nPlusieurs responsables r\u00e9gionaux ont salu\u00e9 l\u2019initiative, mettant en avant la n\u00e9cessit\u00e9 d\u2019une meilleure organisation et int\u00e9gration r\u00e9gionale.<\/p>\n","protected":false},"excerpt":{"rendered":"<p>Le ministre de l\u2019\u00c9levage, Mokhtar Ould Gaguih, a pr\u00e9sid\u00e9 dimanche \u00e0 Rosso une r\u00e9union de consultation sur les march\u00e9s frontaliers du b\u00e9tail. L\u2019\u00e9v\u00e9nement, organis\u00e9 avec les f\u00e9d\u00e9rations du secteur, vise \u00e0 am\u00e9liorer l\u2019infrastructure et la r\u00e9gulation du commerce du b\u00e9tail aux fronti\u00e8res. Au cours de cette rencontre, le ministre a rappel\u00e9 que l\u2019\u00e9levage repr\u00e9sente 10 &hellip;<\/p>\n","protected":false},"author":2,"featured_media":17459,"comment_status":"open","ping_status":"open","sticky":false,"template":"","format":"standard","meta":{"footnotes":""},"categories":[18,2],"tags":[],"class_list":["post-17458","post","type-post","status-publish","format-standard","has-post-thumbnail","hentry","category-actualites","category-economie"],"_links":{"self":[{"href":"https:\/\/ladepeche.mr\/index.php?rest_route=\/wp\/v2\/posts\/17458","targetHints":{"allow":["GET"]}}],"collection":[{"href":"https:\/\/ladepeche.mr\/index.php?rest_route=\/wp\/v2\/posts"}],"about":[{"href":"https:\/\/ladepeche.mr\/index.php?rest_route=\/wp\/v2\/types\/post"}],"author":[{"embeddable":true,"href":"https:\/\/ladepeche.mr\/index.php?rest_route=\/wp\/v2\/users\/2"}],"replies":[{"embeddable":true,"href":"https:\/\/ladepeche.mr\/index.php?rest_route=%2Fwp%2Fv2%2Fcomments&post=17458"}],"version-history":[{"count":2,"href":"https:\/\/ladepeche.mr\/index.php?rest_route=\/wp\/v2\/posts\/17458\/revisions"}],"predecessor-version":[{"id":17461,"href":"https:\/\/ladepeche.mr\/index.php?rest_route=\/wp\/v2\/posts\/17458\/revisions\/17461"}],"wp:featuredmedia":[{"embeddable":true,"href":"https:\/\/ladepeche.mr\/index.php?rest_route=\/wp\/v2\/media\/17459"}],"wp:attachment":[{"href":"https:\/\/ladepeche.mr\/index.php?rest_route=%2Fwp%2Fv2%2Fmedia&parent=17458"}],"wp:term":[{"taxonomy":"category","embeddable":true,"href":"https:\/\/ladepeche.mr\/index.php?rest_route=%2Fwp%2Fv2%2Fcategories&post=17458"},{"taxonomy":"post_tag","embeddable":true,"href":"https:\/\/ladepeche.mr\/index.php?rest_route=%2Fwp%2Fv2%2Ftags&post=17458"}],"curies":[{"name":"wp","href":"https:\/\/api.w.org\/{rel}","templated":true}]}}