{"id":17462,"date":"2025-08-10T18:15:46","date_gmt":"2025-08-10T18:15:46","guid":{"rendered":"https:\/\/ladepeche.mr\/?p=17462"},"modified":"2025-08-10T18:15:46","modified_gmt":"2025-08-10T18:15:46","slug":"gaza-la-communaute-internationale-condamne-le-plan-israelien-doccupation-a-lexception-des-etats-unis","status":"publish","type":"post","link":"https:\/\/ladepeche.mr\/?p=17462","title":{"rendered":"Gaza: la communaut\u00e9 internationale condamne le plan isra\u00e9lien d&#8217;occupation, \u00e0 l&#8217;exception des \u00c9tats-Unis"},"content":{"rendered":"<p>Le Conseil de s\u00e9curit\u00e9 de l&#8217;ONU tient une r\u00e9union d&#8217;urgence sur Gaza dimanche 10 ao\u00fbt, apr\u00e8s l&#8217;annonce du plan isra\u00e9lien pour contr\u00f4ler la ville. Sur place, la situation ne cesse d&#8217;empirer. Le secr\u00e9taire g\u00e9n\u00e9ral des Nations unies Ant\u00f3nio Guterres a mis en garde Isra\u00ebl, contre \u00ab une escalade dangereuse \u00bb qui \u00ab risque d&#8217;aggraver les cons\u00e9quences d\u00e9j\u00e0 catastrophiques pour des millions de Palestiniens \u00bb. Les condamnations pleuvent depuis l&#8217;annonce de ce plan.<br \/>\nSamedi 9 ao\u00fbt, une vingtaine de pays arabes et musulmans ont condamn\u00e9 le plan isra\u00e9lien de prise de contr\u00f4le de la ville de Gaza, parlant, eux aussi, d&#8217;une dangereuse escalade. \u00ab C&#8217;est un d\u00e9fi sans pr\u00e9c\u00e9dent et une provocation \u00e0 la volont\u00e9 internationale de parvenir \u00e0 la paix \u00bb, mart\u00e8le, \u00e0 Ramallah, l&#8217;Autorit\u00e9 palestinienne.<\/p>\n<p>Le Br\u00e9sil, de son c\u00f4t\u00e9, a appel\u00e9 au \u00ab retrait complet et imm\u00e9diat des troupes isra\u00e9liennes \u00bb de Gaza et rappel\u00e9 l&#8217;urgence d&#8217;un cessez-le-feu.<\/p>\n<p>\u00ab Cela va aggraver la situation humanitaire catastrophique, mettre en danger la vie des otages et accro\u00eetre le risque d&#8217;un exode massif de civils \u00bb, d\u00e9nonce dans le m\u00eame temps les ministres des Affaires \u00e9trang\u00e8res d&#8217;Italie, d&#8217;Australie, d&#8217;Allemagne, de Nouvelle-Z\u00e9lande et du Royaume-Uni <\/p>\n<p>Ce plan a suscit\u00e9, quasi unanimement, la r\u00e9probation \u00e0 l&#8217;international, \u00e0 l&#8217;exception notable des \u00c9tats-Unis, dernier bras droit d&#8217;Isra\u00ebl, dans cette guerre qualifi\u00e9e de g\u00e9nocidaire par les ONG et les Palestiniens.<\/p>\n<p>Reste \u00e0 savoir ce qu&#8217;il sortira de cette r\u00e9union d&#8217;urgence du Conseil de s\u00e9curit\u00e9. Selon des analystes, m\u00eame s&#8217;il y a de nombreuses condamnations d&#8217;Isra\u00ebl, peut-\u00eatre quelques r\u00e9solutions similaires aux pr\u00e9c\u00e9dentes. Les analystes craignent que toutes ces r\u00e9solutions, condamnations et articles risquent de n&#8217;avoir aucun effet pour infl\u00e9chir les actions d&#8217;Isra\u00ebl, qui pourra continuer ses crimes en toute impunit\u00e9.<br \/>\nhttps:\/\/www.rfi.fr\/fr\/moyen-orient\/20250810-gaza-plan-occupation-israel-communaut%C3%A9-internationale-condamne-%C3%A0-l-exception-des-%C3%A9tats-unis-netanyahu-palestine-onu?utm_medium=email&#038;utm_campaign=newsletter&#038;utm_source=rfi-nl-internationale-fr&#038;utm_email_send_date=%2020250810&#038;utm_email_recipient=245770&#038;utm_email_link=contenus&#038;_ope=eyJndWlkIjoiOTMwMjIwNGY3ZmZhNzMxODU0NDI3OTA1ZjdiOTc4NGUifQ%3D%3D<\/p>\n","protected":false},"excerpt":{"rendered":"<p>Le Conseil de s\u00e9curit\u00e9 de l&#8217;ONU tient une r\u00e9union d&#8217;urgence sur Gaza dimanche 10 ao\u00fbt, apr\u00e8s l&#8217;annonce du plan isra\u00e9lien pour contr\u00f4ler la ville. Sur place, la situation ne cesse d&#8217;empirer. Le secr\u00e9taire g\u00e9n\u00e9ral des Nations unies Ant\u00f3nio Guterres a mis en garde Isra\u00ebl, contre \u00ab une escalade dangereuse \u00bb qui \u00ab risque d&#8217;aggraver les &hellip;<\/p>\n","protected":false},"author":2,"featured_media":17463,"comment_status":"open","ping_status":"open","sticky":false,"template":"","format":"standard","meta":{"footnotes":""},"categories":[18,29],"tags":[],"class_list":["post-17462","post","type-post","status-publish","format-standard","has-post-thumbnail","hentry","category-actualites","category-monde"],"_links":{"self":[{"href":"https:\/\/ladepeche.mr\/index.php?rest_route=\/wp\/v2\/posts\/17462","targetHints":{"allow":["GET"]}}],"collection":[{"href":"https:\/\/ladepeche.mr\/index.php?rest_route=\/wp\/v2\/posts"}],"about":[{"href":"https:\/\/ladepeche.mr\/index.php?rest_route=\/wp\/v2\/types\/post"}],"author":[{"embeddable":true,"href":"https:\/\/ladepeche.mr\/index.php?rest_route=\/wp\/v2\/users\/2"}],"replies":[{"embeddable":true,"href":"https:\/\/ladepeche.mr\/index.php?rest_route=%2Fwp%2Fv2%2Fcomments&post=17462"}],"version-history":[{"count":1,"href":"https:\/\/ladepeche.mr\/index.php?rest_route=\/wp\/v2\/posts\/17462\/revisions"}],"predecessor-version":[{"id":17464,"href":"https:\/\/ladepeche.mr\/index.php?rest_route=\/wp\/v2\/posts\/17462\/revisions\/17464"}],"wp:featuredmedia":[{"embeddable":true,"href":"https:\/\/ladepeche.mr\/index.php?rest_route=\/wp\/v2\/media\/17463"}],"wp:attachment":[{"href":"https:\/\/ladepeche.mr\/index.php?rest_route=%2Fwp%2Fv2%2Fmedia&parent=17462"}],"wp:term":[{"taxonomy":"category","embeddable":true,"href":"https:\/\/ladepeche.mr\/index.php?rest_route=%2Fwp%2Fv2%2Fcategories&post=17462"},{"taxonomy":"post_tag","embeddable":true,"href":"https:\/\/ladepeche.mr\/index.php?rest_route=%2Fwp%2Fv2%2Ftags&post=17462"}],"curies":[{"name":"wp","href":"https:\/\/api.w.org\/{rel}","templated":true}]}}