{"id":17470,"date":"2025-08-10T22:34:05","date_gmt":"2025-08-10T22:34:05","guid":{"rendered":"https:\/\/ladepeche.mr\/?p=17470"},"modified":"2025-08-10T22:34:05","modified_gmt":"2025-08-10T22:34:05","slug":"gaza-deux-journalistes-dal-jazeera-tombes-en-martyrs-le-bilan-des-reporters-assassines-atteint-un-niveau-record","status":"publish","type":"post","link":"https:\/\/ladepeche.mr\/?p=17470","title":{"rendered":"Gaza : Deux journalistes d\u2019Al Jazeera tomb\u00e9s en martyrs, le bilan des reporters assassin\u00e9s atteint un niveau record"},"content":{"rendered":"<p>Au 674\u1d49 jour de la guerre d\u2019extermination men\u00e9e par l\u2019entit\u00e9 sioniste contre le peuple palestinien \u00e0 Gaza, le directeur du complexe m\u00e9dical Al-Shifa a annonc\u00e9 la mort, ce dimanche 10 ao\u00fbt 2025, de deux correspondants d\u2019Al Jazeera, Anas Al-Sharif et Mohammed Qreiqea, tomb\u00e9s en martyrs dans un bombardement isra\u00e9lien qui a vis\u00e9 leur tente.<br \/>\nPar ailleurs, 52 Palestiniens sont tomb\u00e9s en martyrs par les tirs de l\u2019arm\u00e9e d\u2019occupation depuis l\u2019aube, dont 26 faisaient partie des personnes affam\u00e9es qui attendaient une distribution d\u2019aide humanitaire, selon le minist\u00e8re de la Sant\u00e9 de Gaza.<br \/>\nLe gouvernement de Gaza a \u00e9galement annonc\u00e9 que le bilan des victimes des parachutages d\u00e9fectueux d\u2019aide humanitaire s\u2019\u00e9l\u00e8ve \u00e0 23 morts et 124 bless\u00e9s depuis le d\u00e9but de ces op\u00e9rations en mars 2024.<br \/>\nRappelons que depuis le d\u00e9clenchement de la guerre contre Gaza le 7 octobre 2023, le nombre de journalistes tu\u00e9s a atteint un niveau sans pr\u00e9c\u00e9dent, faisant de ce territoire l\u2019un des endroits les plus dangereux au monde pour la profession. Selon les chiffres rapport\u00e9s par diff\u00e9rentes organisations, le bilan oscille entre 179 et plus de 214 morts, la variation s\u2019expliquant par les m\u00e9thodes de comptage et la difficult\u00e9 d\u2019obtenir des informations fiables en temps de guerre.<br \/>\nReporters sans fronti\u00e8res estime qu\u2019au cours des cinq premiers mois du conflit, 103 journalistes ont perdu la vie, dont 22 alors qu\u2019ils exer\u00e7aient directement leur m\u00e9tier sur le terrain. La F\u00e9d\u00e9ration internationale des journalistes rel\u00e8ve que plus de la moiti\u00e9 des reporters tu\u00e9s dans le monde en 2024 l\u2019ont \u00e9t\u00e9 \u00e0 Gaza, soit 55 professionnels. Parmi les victimes figurent des figures connues comme la photojournaliste palestinienne Fatima Hassouna et le reporter Yahya Sobeih, dont le d\u00e9c\u00e8s en mai 2025 a port\u00e9 le bilan \u00e0 un niveau dramatique.<br \/>\nCes pertes massives traduisent l\u2019extr\u00eame danger auquel sont confront\u00e9s les professionnels des m\u00e9dias qui, malgr\u00e9 les bombardements et les coupures de communication, continuent de documenter les r\u00e9alit\u00e9s du conflit et la souffrance des populations civiles.<\/p>\n<blockquote class=\"wp-embedded-content\" data-secret=\"WqraBpfITF\"><p><a href=\"https:\/\/realites.com.tn\/fr\/gaza-deux-journalistes-dal-jazeera-tombes-en-martyrs-le-bilan-des-reporters-assassines-atteint-un-niveau-record\/\">Gaza : Deux journalistes d\u2019Al Jazeera tomb\u00e9s en martyrs, le bilan des reporters assassin\u00e9s atteint un niveau record<\/a><\/p><\/blockquote>\n<p><iframe loading=\"lazy\" class=\"wp-embedded-content\" sandbox=\"allow-scripts\" security=\"restricted\" style=\"position: absolute; visibility: hidden;\" title=\"\u00ab\u00a0Gaza : Deux journalistes d\u2019Al Jazeera tomb\u00e9s en martyrs, le bilan des reporters assassin\u00e9s atteint un niveau record\u00a0\u00bb &#8212; R\u00e9alit\u00e9s Magazine\" src=\"https:\/\/realites.com.tn\/fr\/gaza-deux-journalistes-dal-jazeera-tombes-en-martyrs-le-bilan-des-reporters-assassines-atteint-un-niveau-record\/embed\/#?secret=XXyjMH57H9#?secret=WqraBpfITF\" data-secret=\"WqraBpfITF\" width=\"500\" height=\"282\" frameborder=\"0\" marginwidth=\"0\" marginheight=\"0\" scrolling=\"no\"><\/iframe><\/p>\n","protected":false},"excerpt":{"rendered":"<p>Au 674\u1d49 jour de la guerre d\u2019extermination men\u00e9e par l\u2019entit\u00e9 sioniste contre le peuple palestinien \u00e0 Gaza, le directeur du complexe m\u00e9dical Al-Shifa a annonc\u00e9 la mort, ce dimanche 10 ao\u00fbt 2025, de deux correspondants d\u2019Al Jazeera, Anas Al-Sharif et Mohammed Qreiqea, tomb\u00e9s en martyrs dans un bombardement isra\u00e9lien qui a vis\u00e9 leur tente. Par &hellip;<\/p>\n","protected":false},"author":2,"featured_media":17471,"comment_status":"open","ping_status":"open","sticky":false,"template":"","format":"standard","meta":{"footnotes":""},"categories":[18,29],"tags":[],"class_list":["post-17470","post","type-post","status-publish","format-standard","has-post-thumbnail","hentry","category-actualites","category-monde"],"_links":{"self":[{"href":"https:\/\/ladepeche.mr\/index.php?rest_route=\/wp\/v2\/posts\/17470","targetHints":{"allow":["GET"]}}],"collection":[{"href":"https:\/\/ladepeche.mr\/index.php?rest_route=\/wp\/v2\/posts"}],"about":[{"href":"https:\/\/ladepeche.mr\/index.php?rest_route=\/wp\/v2\/types\/post"}],"author":[{"embeddable":true,"href":"https:\/\/ladepeche.mr\/index.php?rest_route=\/wp\/v2\/users\/2"}],"replies":[{"embeddable":true,"href":"https:\/\/ladepeche.mr\/index.php?rest_route=%2Fwp%2Fv2%2Fcomments&post=17470"}],"version-history":[{"count":1,"href":"https:\/\/ladepeche.mr\/index.php?rest_route=\/wp\/v2\/posts\/17470\/revisions"}],"predecessor-version":[{"id":17472,"href":"https:\/\/ladepeche.mr\/index.php?rest_route=\/wp\/v2\/posts\/17470\/revisions\/17472"}],"wp:featuredmedia":[{"embeddable":true,"href":"https:\/\/ladepeche.mr\/index.php?rest_route=\/wp\/v2\/media\/17471"}],"wp:attachment":[{"href":"https:\/\/ladepeche.mr\/index.php?rest_route=%2Fwp%2Fv2%2Fmedia&parent=17470"}],"wp:term":[{"taxonomy":"category","embeddable":true,"href":"https:\/\/ladepeche.mr\/index.php?rest_route=%2Fwp%2Fv2%2Fcategories&post=17470"},{"taxonomy":"post_tag","embeddable":true,"href":"https:\/\/ladepeche.mr\/index.php?rest_route=%2Fwp%2Fv2%2Ftags&post=17470"}],"curies":[{"name":"wp","href":"https:\/\/api.w.org\/{rel}","templated":true}]}}