{"id":17473,"date":"2025-08-10T22:58:44","date_gmt":"2025-08-10T22:58:44","guid":{"rendered":"https:\/\/ladepeche.mr\/?p=17473"},"modified":"2025-08-10T22:58:44","modified_gmt":"2025-08-10T22:58:44","slug":"declaration-du-reseau-al-jazeera-suite-a-lassassinat-par-les-forces-doccupation-israeliennes-de-ses-collegues-anas-al-sharif-et-mohammed-qreiqea-dans-la-ville-de-gaza","status":"publish","type":"post","link":"https:\/\/ladepeche.mr\/?p=17473","title":{"rendered":"D\u00e9claration du r\u00e9seau Al Jazeera suite \u00e0 l&#8217;assassinat par les forces d&#8217;occupation isra\u00e9liennes de ses coll\u00e8gues Anas Al-Sharif et Mohammed Qreiqea dans la ville de Gaza :"},"content":{"rendered":"<p>L\u2019assassinat de nos correspondants par les forces d\u2019occupation isra\u00e9liennes est une nouvelle attaque flagrante et d\u00e9lib\u00e9r\u00e9e contre la libert\u00e9 de la presse.<br \/>\nLa cha\u00eene Al Jazeera, alors qu&#8217;elle fait ses adieux \u00e0 un nouveau groupe de ses meilleures \u00e9quipes journalistiques, tient l&#8217;arm\u00e9e d&#8217;occupation et son gouvernement responsables du ciblage et de l&#8217;assassinat de son \u00e9quipe.<br \/>\nLes tueurs de journalistes ont cibl\u00e9, comme l&#8217;a reconnu l&#8217;arm\u00e9e isra\u00e9lienne dans un communiqu\u00e9, la tente des journalistes d&#8217;Al Jazeera au complexe Al-Shifa.<br \/>\nL&#8217;attaque contre les journalistes d&#8217;Al Jazeera survient dans un contexte de terrible catastrophe humanitaire provoqu\u00e9e par l&#8217;agression isra\u00e9lienne, qui est t\u00e9moin de massacres.<br \/>\nL\u2019ordre de tuer Anas al-Sharif, l\u2019un des journalistes les plus courageux de Gaza, et ses coll\u00e8gues est une tentative d\u00e9sesp\u00e9r\u00e9e de faire taire les voix en pr\u00e9vision de l\u2019occupation de Gaza.<br \/>\nR\u00e9seau Al Jazeera : Plusieurs responsables militaires isra\u00e9liens ont \u00e0 plusieurs reprises incit\u00e9 et appel\u00e9 \u00e0 cibler Anas al-Sharif et ses compagnons.<br \/>\nAnas Al-Sharif et ses coll\u00e8gues \u00e9taient parmi les derni\u00e8res voix \u00e0 Gaza \u00e0 transmettre au monde la tragique r\u00e9alit\u00e9 de la situation.<br \/>\nLes journalistes d\u2019Al Jazeera sont rest\u00e9s \u00e0 l\u2019int\u00e9rieur de la bande de Gaza assi\u00e9g\u00e9e, subissant la m\u00eame faim et les m\u00eames souffrances document\u00e9es par leurs cam\u00e9ras.<br \/>\nGr\u00e2ce \u00e0 des reportages courageux et coh\u00e9rents, les journalistes d\u2019Al Jazeera ont fourni des t\u00e9moignages vivants et choquants des atrocit\u00e9s commises tout au long de la guerre.<br \/>\nGr\u00e2ce \u00e0 des reportages courageux et coh\u00e9rents, les journalistes d\u2019Al Jazeera ont fourni des t\u00e9moignages vivants et choquants des atrocit\u00e9s commises tout au long de la guerre.<\/p>\n","protected":false},"excerpt":{"rendered":"<p>L\u2019assassinat de nos correspondants par les forces d\u2019occupation isra\u00e9liennes est une nouvelle attaque flagrante et d\u00e9lib\u00e9r\u00e9e contre la libert\u00e9 de la presse. La cha\u00eene Al Jazeera, alors qu&#8217;elle fait ses adieux \u00e0 un nouveau groupe de ses meilleures \u00e9quipes journalistiques, tient l&#8217;arm\u00e9e d&#8217;occupation et son gouvernement responsables du ciblage et de l&#8217;assassinat de son \u00e9quipe. &hellip;<\/p>\n","protected":false},"author":2,"featured_media":17474,"comment_status":"open","ping_status":"open","sticky":false,"template":"","format":"standard","meta":{"footnotes":""},"categories":[18,29],"tags":[],"class_list":["post-17473","post","type-post","status-publish","format-standard","has-post-thumbnail","hentry","category-actualites","category-monde"],"_links":{"self":[{"href":"https:\/\/ladepeche.mr\/index.php?rest_route=\/wp\/v2\/posts\/17473","targetHints":{"allow":["GET"]}}],"collection":[{"href":"https:\/\/ladepeche.mr\/index.php?rest_route=\/wp\/v2\/posts"}],"about":[{"href":"https:\/\/ladepeche.mr\/index.php?rest_route=\/wp\/v2\/types\/post"}],"author":[{"embeddable":true,"href":"https:\/\/ladepeche.mr\/index.php?rest_route=\/wp\/v2\/users\/2"}],"replies":[{"embeddable":true,"href":"https:\/\/ladepeche.mr\/index.php?rest_route=%2Fwp%2Fv2%2Fcomments&post=17473"}],"version-history":[{"count":1,"href":"https:\/\/ladepeche.mr\/index.php?rest_route=\/wp\/v2\/posts\/17473\/revisions"}],"predecessor-version":[{"id":17475,"href":"https:\/\/ladepeche.mr\/index.php?rest_route=\/wp\/v2\/posts\/17473\/revisions\/17475"}],"wp:featuredmedia":[{"embeddable":true,"href":"https:\/\/ladepeche.mr\/index.php?rest_route=\/wp\/v2\/media\/17474"}],"wp:attachment":[{"href":"https:\/\/ladepeche.mr\/index.php?rest_route=%2Fwp%2Fv2%2Fmedia&parent=17473"}],"wp:term":[{"taxonomy":"category","embeddable":true,"href":"https:\/\/ladepeche.mr\/index.php?rest_route=%2Fwp%2Fv2%2Fcategories&post=17473"},{"taxonomy":"post_tag","embeddable":true,"href":"https:\/\/ladepeche.mr\/index.php?rest_route=%2Fwp%2Fv2%2Ftags&post=17473"}],"curies":[{"name":"wp","href":"https:\/\/api.w.org\/{rel}","templated":true}]}}