{"id":17477,"date":"2025-08-11T13:54:41","date_gmt":"2025-08-11T13:54:41","guid":{"rendered":"https:\/\/ladepeche.mr\/?p=17477"},"modified":"2025-08-11T14:04:33","modified_gmt":"2025-08-11T14:04:33","slug":"sous-legide-de-la-premiere-dame-lancement-officiel-de-la-saison-touristique-cotiere","status":"publish","type":"post","link":"https:\/\/ladepeche.mr\/?p=17477","title":{"rendered":"Sous l\u2019\u00e9gide de la Premi\u00e8re Dame: Lancement officiel de la saison touristique c\u00f4ti\u00e8re"},"content":{"rendered":"<p>La Premi\u00e8re Dame de Mauritanie, Dr Mariem Mint Dah, a donn\u00e9 le coup d\u2019envoi officiel de la saison touristique c\u00f4ti\u00e8re lors d\u2019une c\u00e9r\u00e9monie organis\u00e9e par le minist\u00e8re du Commerce et du Tourisme. Plac\u00e9e sous le th\u00e8me \u00ab La C\u00f4te\u2026 Berceau de la nature et espace de d\u00e9couverte \u00bb, cette initiative s\u2019inscrit dans le cadre d\u2019une strat\u00e9gie nationale de promotion du tourisme int\u00e9rieur et de valorisation du patrimoine littoral.<\/p>\n<p>Cette manifestation s\u2019aligne sur les engagements du Pr\u00e9sident de la R\u00e9publique, Mohamed Ould Cheikh El Ghazouani, qui ambitionne de faire du secteur touristique un levier du d\u00e9veloppement local et un moteur d\u2019inclusion sociale.<\/p>\n<p>Un lancement riche en symboles et en culture<br \/>\nLa c\u00e9r\u00e9monie d\u2019ouverture a \u00e9t\u00e9 marqu\u00e9e par une s\u00e9rie d\u2019animations culturelles et artistiques : spectacles folkloriques, parades \u00e9questres, d\u00e9fil\u00e9s de dromadaires, ainsi que la projection de documentaires valorisant les atouts naturels et touristiques de la Mauritanie. Dr Mariem Dah a \u00e9galement visit\u00e9 les 16 stands d\u2019exposition mettant en avant l\u2019artisanat traditionnel, les parcs naturels du Banc d\u2019Arguin et de Diawling, ainsi que les institutions touristiques du pays.<\/p>\n<p>Le gouvernement mobilis\u00e9 pour le tourisme int\u00e9rieur<br \/>\nDans son allocution, la ministre du Commerce et du Tourisme, Mme Zeinebou Mint Ahmednah, a soulign\u00e9 l\u2019importance que le chef de l\u2019\u00c9tat accorde au tourisme comme vecteur de red\u00e9couverte culturelle, de coh\u00e9sion sociale et de dynamisation \u00e9conomique. Elle a appel\u00e9 les Mauritaniens \u00e0 privil\u00e9gier les destinations locales pendant leurs vacances, notamment les plages du littoral, afin de renforcer les liens avec leur territoire et leur patrimoine.<\/p>\n<p>La ministre a salu\u00e9 la pr\u00e9sence de la Premi\u00e8re Dame, qualifi\u00e9e de \u00ab hautement symbolique \u00bb, et a pr\u00e9sent\u00e9 cette saison touristique comme une invitation \u00e0 red\u00e9couvrir un littoral riche en biodiversit\u00e9, en histoire et en potentiel de d\u00e9veloppement durable.<\/p>\n<p>Un littoral aux tr\u00e9sors inexplor\u00e9s<br \/>\nS\u2019\u00e9tendant de Nouadhibou \u00e0 Ndiago, le littoral mauritanien est d\u00e9crit comme un \u00ab registre de merveilles naturelles \u00bb par la ministre. Plages vierges, faune marine exceptionnelle et \u00e9cosyst\u00e8mes pr\u00e9serv\u00e9s sont autant d\u2019atouts mis en avant. Des sites embl\u00e9matiques comme le Parc National du Banc d\u2019Arguin, l\u2019\u00eele de Tidra ou la r\u00e9gion d\u2019Arcis ont \u00e9t\u00e9 cit\u00e9s comme embl\u00e8mes de ce patrimoine naturel exceptionnel.<\/p>\n<p><img loading=\"lazy\" decoding=\"async\" class=\"alignright  wp-image-17484\" src=\"http:\/\/ladepeche.mr\/wp-content\/uploads\/2025\/08\/Tourisme1-2-300x149.jpg\" alt=\"\" width=\"542\" height=\"269\" srcset=\"https:\/\/ladepeche.mr\/wp-content\/uploads\/2025\/08\/Tourisme1-2-300x149.jpg 300w, https:\/\/ladepeche.mr\/wp-content\/uploads\/2025\/08\/Tourisme1-2-1024x509.jpg 1024w, https:\/\/ladepeche.mr\/wp-content\/uploads\/2025\/08\/Tourisme1-2-768x382.jpg 768w, https:\/\/ladepeche.mr\/wp-content\/uploads\/2025\/08\/Tourisme1-2.jpg 1199w\" sizes=\"auto, (max-width: 542px) 100vw, 542px\" \/><\/p>\n<p>Le ministre de la Culture, M. Houssein Ould Medou, a insist\u00e9 sur l&#8217;engagement multisectoriel du gouvernement en faveur du tourisme int\u00e9rieur. Il a \u00e9galement appel\u00e9 les repr\u00e9sentants diplomatiques pr\u00e9sents \u00e0 promouvoir la destination mauritanienne aupr\u00e8s des investisseurs internationaux.<\/p>\n<p>Mme Fatimetou Abdel Maleck, pr\u00e9sidente du conseil r\u00e9gional de Nouakchott, a rappel\u00e9 que le tourisme constitue un pilier strat\u00e9gique du d\u00e9veloppement r\u00e9gional, notamment pour l&#8217;emploi des jeunes et des femmes. Elle a mis l\u2019accent sur l\u2019int\u00e9gration des secteurs connexes \u2014 artisanat, transport, h\u00f4tellerie \u2014 dans cette dynamique.<\/p>\n<p>Le maire de Tevragh-Zeina, M. Taleb Ould Mahjoub, a pour sa part soulign\u00e9 que les r\u00e9gions c\u00f4ti\u00e8res, en raison de leur climat et de leur richesse naturelle, repr\u00e9sentent des destinations touristiques de premier choix.<\/p>\n<p>Le secteur priv\u00e9 pleinement engag\u00e9<br \/>\nLe pr\u00e9sident de l\u2019Union nationale du patronat mauritanien, M. Mohamed Zeine El Abidine Ould Cheikh Ahmed, a salu\u00e9 la vision pr\u00e9sidentielle pour un tourisme durable et inclusif. Il a rappel\u00e9 les efforts du secteur priv\u00e9 : cr\u00e9ation de plus de 120 unit\u00e9s h\u00f4teli\u00e8res et 750 restaurants \u00e0 travers le pays, investissements dans l\u2019infrastructure touristique et forte mobilisation pour le tourisme int\u00e9rieur, avec notamment l\u2019annulation de 21 000 voyages \u00e0 l\u2019\u00e9tranger en faveur de destinations locales.<\/p>\n<p>Une dynamique collective pour un tourisme durable s&#8217;est d\u00e9clench\u00e9e avec cette inauguration par la premi\u00e8re dame du lancement du tourisme du littoral.<\/p>\n<p>Avec cette saison touristique c\u00f4ti\u00e8re, la Mauritanie ambitionne de renforcer le tourisme local, tout en valorisant ses richesses naturelles, culturelles et humaines au b\u00e9n\u00e9fice d\u2019un d\u00e9veloppement \u00e9quilibr\u00e9 et inclusif.<br \/>\n(avec Ami)<\/p>\n","protected":false},"excerpt":{"rendered":"<p>La Premi\u00e8re Dame de Mauritanie, Dr Mariem Mint Dah, a donn\u00e9 le coup d\u2019envoi officiel de la saison touristique c\u00f4ti\u00e8re lors d\u2019une c\u00e9r\u00e9monie organis\u00e9e par le minist\u00e8re du Commerce et du Tourisme. Plac\u00e9e sous le th\u00e8me \u00ab La C\u00f4te\u2026 Berceau de la nature et espace de d\u00e9couverte \u00bb, cette initiative s\u2019inscrit dans le cadre d\u2019une &hellip;<\/p>\n","protected":false},"author":2,"featured_media":17478,"comment_status":"open","ping_status":"open","sticky":false,"template":"","format":"standard","meta":{"footnotes":""},"categories":[18,2],"tags":[],"class_list":["post-17477","post","type-post","status-publish","format-standard","has-post-thumbnail","hentry","category-actualites","category-economie"],"_links":{"self":[{"href":"https:\/\/ladepeche.mr\/index.php?rest_route=\/wp\/v2\/posts\/17477","targetHints":{"allow":["GET"]}}],"collection":[{"href":"https:\/\/ladepeche.mr\/index.php?rest_route=\/wp\/v2\/posts"}],"about":[{"href":"https:\/\/ladepeche.mr\/index.php?rest_route=\/wp\/v2\/types\/post"}],"author":[{"embeddable":true,"href":"https:\/\/ladepeche.mr\/index.php?rest_route=\/wp\/v2\/users\/2"}],"replies":[{"embeddable":true,"href":"https:\/\/ladepeche.mr\/index.php?rest_route=%2Fwp%2Fv2%2Fcomments&post=17477"}],"version-history":[{"count":5,"href":"https:\/\/ladepeche.mr\/index.php?rest_route=\/wp\/v2\/posts\/17477\/revisions"}],"predecessor-version":[{"id":17486,"href":"https:\/\/ladepeche.mr\/index.php?rest_route=\/wp\/v2\/posts\/17477\/revisions\/17486"}],"wp:featuredmedia":[{"embeddable":true,"href":"https:\/\/ladepeche.mr\/index.php?rest_route=\/wp\/v2\/media\/17478"}],"wp:attachment":[{"href":"https:\/\/ladepeche.mr\/index.php?rest_route=%2Fwp%2Fv2%2Fmedia&parent=17477"}],"wp:term":[{"taxonomy":"category","embeddable":true,"href":"https:\/\/ladepeche.mr\/index.php?rest_route=%2Fwp%2Fv2%2Fcategories&post=17477"},{"taxonomy":"post_tag","embeddable":true,"href":"https:\/\/ladepeche.mr\/index.php?rest_route=%2Fwp%2Fv2%2Ftags&post=17477"}],"curies":[{"name":"wp","href":"https:\/\/api.w.org\/{rel}","templated":true}]}}