{"id":17493,"date":"2025-08-11T16:03:28","date_gmt":"2025-08-11T16:03:28","guid":{"rendered":"https:\/\/ladepeche.mr\/?p=17493"},"modified":"2025-08-11T16:03:28","modified_gmt":"2025-08-11T16:03:28","slug":"sante-reunion-du-comite-interministeriel-sur-la-reforme-pharmaceutique","status":"publish","type":"post","link":"https:\/\/ladepeche.mr\/?p=17493","title":{"rendered":"Sant\u00e9: R\u00e9union du Comit\u00e9 interminist\u00e9riel sur la r\u00e9forme pharmaceutique"},"content":{"rendered":"<p data-start=\"178\" data-end=\"449\">Le ministre de la Sant\u00e9, M. Abdellahi Sidi Mohamed Ould Weddih, a pr\u00e9sid\u00e9 lundi \u00e0 Nouakchott une r\u00e9union du Comit\u00e9 interminist\u00e9riel charg\u00e9 de la r\u00e9forme du secteur pharmaceutique, sur instruction du Premier ministre, M. Mokhtar Ould Djay.<\/p>\n<p data-start=\"451\" data-end=\"609\">La r\u00e9union a r\u00e9uni plusieurs membres du gouvernement, des repr\u00e9sentants des forces de s\u00e9curit\u00e9, du secteur priv\u00e9 pharmaceutique et de l\u2019Ordre des pharmaciens.<\/p>\n<p data-start=\"611\" data-end=\"950\">Le ministre a salu\u00e9 les progr\u00e8s enregistr\u00e9s dans la r\u00e9gulation des m\u00e9dicaments, le contr\u00f4le des circuits d\u2019approvisionnement, la num\u00e9risation du secteur et la lutte contre les produits illicites. Il a annonc\u00e9 l\u2019alternance mensuelle des r\u00e9unions entre la Sant\u00e9 et la Primature, et donn\u00e9 des instructions pour lever les obstacles identifi\u00e9s.<\/p>\n<p data-start=\"952\" data-end=\"1110\">La r\u00e9forme pharmaceutique s\u2019inscrit dans le programme pr\u00e9sidentiel \u00ab Mon ambition pour la Patrie\u00bb, visant \u00e0 garantir un acc\u00e8s s\u00fbr aux m\u00e9dicaments essentiels.<\/p>\n","protected":false},"excerpt":{"rendered":"<p>Le ministre de la Sant\u00e9, M. Abdellahi Sidi Mohamed Ould Weddih, a pr\u00e9sid\u00e9 lundi \u00e0 Nouakchott une r\u00e9union du Comit\u00e9 interminist\u00e9riel charg\u00e9 de la r\u00e9forme du secteur pharmaceutique, sur instruction du Premier ministre, M. Mokhtar Ould Djay. La r\u00e9union a r\u00e9uni plusieurs membres du gouvernement, des repr\u00e9sentants des forces de s\u00e9curit\u00e9, du secteur priv\u00e9 pharmaceutique &hellip;<\/p>\n","protected":false},"author":2,"featured_media":17490,"comment_status":"open","ping_status":"open","sticky":false,"template":"","format":"standard","meta":{"footnotes":""},"categories":[18,27],"tags":[],"class_list":["post-17493","post","type-post","status-publish","format-standard","has-post-thumbnail","hentry","category-actualites","category-sante"],"_links":{"self":[{"href":"https:\/\/ladepeche.mr\/index.php?rest_route=\/wp\/v2\/posts\/17493","targetHints":{"allow":["GET"]}}],"collection":[{"href":"https:\/\/ladepeche.mr\/index.php?rest_route=\/wp\/v2\/posts"}],"about":[{"href":"https:\/\/ladepeche.mr\/index.php?rest_route=\/wp\/v2\/types\/post"}],"author":[{"embeddable":true,"href":"https:\/\/ladepeche.mr\/index.php?rest_route=\/wp\/v2\/users\/2"}],"replies":[{"embeddable":true,"href":"https:\/\/ladepeche.mr\/index.php?rest_route=%2Fwp%2Fv2%2Fcomments&post=17493"}],"version-history":[{"count":1,"href":"https:\/\/ladepeche.mr\/index.php?rest_route=\/wp\/v2\/posts\/17493\/revisions"}],"predecessor-version":[{"id":17495,"href":"https:\/\/ladepeche.mr\/index.php?rest_route=\/wp\/v2\/posts\/17493\/revisions\/17495"}],"wp:featuredmedia":[{"embeddable":true,"href":"https:\/\/ladepeche.mr\/index.php?rest_route=\/wp\/v2\/media\/17490"}],"wp:attachment":[{"href":"https:\/\/ladepeche.mr\/index.php?rest_route=%2Fwp%2Fv2%2Fmedia&parent=17493"}],"wp:term":[{"taxonomy":"category","embeddable":true,"href":"https:\/\/ladepeche.mr\/index.php?rest_route=%2Fwp%2Fv2%2Fcategories&post=17493"},{"taxonomy":"post_tag","embeddable":true,"href":"https:\/\/ladepeche.mr\/index.php?rest_route=%2Fwp%2Fv2%2Ftags&post=17493"}],"curies":[{"name":"wp","href":"https:\/\/api.w.org\/{rel}","templated":true}]}}