{"id":17508,"date":"2025-08-12T19:22:54","date_gmt":"2025-08-12T19:22:54","guid":{"rendered":"https:\/\/ladepeche.mr\/?p=17508"},"modified":"2025-08-13T10:29:10","modified_gmt":"2025-08-13T10:29:10","slug":"le-conseil-des-ministres-approuve-un-communique-concernant-les-contrats-de-partenariat-public-prive-pour-la-construction-et-lexploitation-dune-centrale-solaire-et-eolienne","status":"publish","type":"post","link":"https:\/\/ladepeche.mr\/?p=17508","title":{"rendered":"Le CDM approuve un communiqu\u00e9 concernant les contrats de partenariat public-priv\u00e9 pour la construction et l\u2019exploitation d\u2019une centrale solaire et \u00e9olienne"},"content":{"rendered":"<p style=\"text-align: left;\">Le Conseil des Ministres s\u2019est r\u00e9uni le Mardi 12 Ao\u00fbt 2025, sous la Pr\u00e9sidence de Son Excellence Monsieur Mohamed OULD CHEIKH EL-GHAZOUANI, Pr\u00e9sident de la R\u00e9publique.<\/p>\n<p>Le Conseil a examin\u00e9 et approuv\u00e9 le projet de loi modifiant et compl\u00e9tant certaines dispositions de la loi n\u00b02010-022 du 10 f\u00e9vrier 2010, telle que modifi\u00e9e et compl\u00e9t\u00e9e par la loi 2015-029 du 8 septembre 2015, relative \u00e0 la pharmacie<\/p>\n<p>Ce projet de loi a pour objet de d\u00e9finir la politique pharmaceutique nationale et les dispositions relatives aux m\u00e9dicaments, aux dispositifs et autres mat\u00e9riels m\u00e9dicaux, de renforcer le contr\u00f4le et l\u2019inspection, d\u2019assurer le contr\u00f4le de leur qualit\u00e9, leur enregistrement et leur tra\u00e7abilit\u00e9 num\u00e9rique ; de lutter contre l\u2019importation et la vente de mat\u00e9riels m\u00e9dicaux de qualit\u00e9 inf\u00e9rieure ou contrefaits, et de r\u00e9guler l\u2019exercice de l\u2019activit\u00e9 pharmaceutique en Mauritanie.<\/p>\n<p>Le Conseil a \u00e9galement examin\u00e9 et adopt\u00e9 les projets de d\u00e9crets suivants :<\/p>\n<p>\u2010 Projet de d\u00e9cret portant application de la loi n\u00b0 2025-013 du 19 mai 2025, relative au Statut des Douanes.<\/p>\n<p>Ce projet de d\u00e9cret, pris en application de la loi n\u00b0 2025-013 du 19 mai 2025 portant statut des douanes, vise notamment \u00e0 :<\/p>\n<p>\u2013 Combler le vide juridique et r\u00e9glementaire r\u00e9sultant de la sortie du corps des douanes de la fonction publique et de ses textes d\u2019application.<\/p>\n<p>\u2013 Assurer une dynamique de progression professionnelle fluide garantissant les droits et renfor\u00e7ant les devoirs.<\/p>\n<p>\u2013 Organiser les corps afin de d\u00e9finir un parcours professionnel clair et avantageux pour les agents.<\/p>\n<p>\u2013 Actualiser les crit\u00e8res de recrutement afin de permettre au corps de s\u00e9lectionner ses agents selon des normes claires et d\u00e9finies en fonction des besoins tout en am\u00e9liorant la formation initiale et continue des agents, tous grades confondus.<\/p>\n<p>\u2013 Assurer la coh\u00e9rence et l\u2019alignement entre les grades administratifs et les grades militaires visibles et requis, compte tenu du caract\u00e8re paramilitaire des missions du corps ; autrement dit, garantir l\u2019unification du parcours professionnel dans ses dimensions administrative et miliaire.<\/p>\n<p>\u2013 Instaurer et renforcer le devoir de discipline professionnelle<\/p>\n<p>\u2010 Projet de d\u00e9cret portant nomination du Pr\u00e9sident et des membres du Conseil d\u2019Administration de l\u2019Agence de Promotion des Investissements en Mauritanie (APIM).<\/p>\n<p>\u2010 Projet de d\u00e9cret portant nomination des membres du Conseil d\u2019Administration de l\u2019Etablissement d\u2019Ex\u00e9cution de Travaux R\u00e9alis\u00e9s en Mat\u00e9riaux Locaux (ETER-ML).<\/p>\n<p>\u2010 Projet de d\u00e9cret portant nomination du Pr\u00e9sident du Conseil d\u2019Administration de l\u2019Etablissement des Travaux d\u2019Entretien Routier (ETER).<\/p>\n<p>\u2010 Projet de d\u00e9cret portant nomination du Pr\u00e9sident et des membres du Conseil d\u2019Administration de la Soci\u00e9t\u00e9 Nationale de l\u2019Eau (SNDE).<\/p>\n<p>Le Ministre des Affaires Etrang\u00e8res, de la Coop\u00e9ration Africaine et des Mauritaniens de l\u2019Ext\u00e9rieur a pr\u00e9sent\u00e9 une communication relative \u00e0 la situation internationale.<\/p>\n<p>Le Ministre de l\u2019Int\u00e9rieur, de la Promotion de la D\u00e9centralisation et du D\u00e9veloppement Local a pr\u00e9sent\u00e9 une communication relative \u00e0 la situation int\u00e9rieure.<\/p>\n<p>Le Ministre de l\u2019Energie et du P\u00e9trole a pr\u00e9sent\u00e9 une communication relative \u00e0 l\u2019approbation des contrats du projet PPP de centrale solaire et\/ou \u00e9olienne de 60 MW.<\/p>\n<p>Cette communication vise \u00e0 ratifier le contrat de partenariat conform\u00e9ment aux dispositions de la loi sur les partenariats public-priv\u00e9 apr\u00e8s avoir s\u00e9lectionn\u00e9 le meilleur entrepreneur parmi les entreprises ayant manifest\u00e9 leur int\u00e9r\u00eat pour la construction et l\u2019exploitation de la centrale solaire et\/ou \u00e9olienne de 60 MW, qui est IWAFRICA.<\/p>\n<p>Cette Soci\u00e9t\u00e9 s\u2019engage \u00e0 travers ce contrat, \u00e0 cr\u00e9er une soci\u00e9t\u00e9 de droit mauritanien pour la r\u00e9alisation du projet, qui assurera la conception, le financement, la r\u00e9alisation, l\u2019exploitation et la maintenance des composantes suivantes :<\/p>\n<p>\u2013 Une centrale photovolta\u00efque d\u2019une capacit\u00e9 de 160MW.<\/p>\n<p>\u2013 Une centrale \u00e9olienne d\u2019une capacit\u00e9 de 60 MW.<\/p>\n<p>\u2013 Un syst\u00e8me de stockage par batteries (BESS) d\u2019une capacit\u00e9 de 370 MWh.<\/p>\n<p>Une ligne de raccordement HT et le poste de transformation correspondant seront con\u00e7us, financ\u00e9s et construits par la soci\u00e9t\u00e9 du projet, puis transf\u00e9r\u00e9s \u00e0 la SOMELEC \u00e0 la date de mise en service.<\/p>\n<p>Le Ministre de la P\u00eache, des Infrastructures Maritimes et Portuaires a pr\u00e9sent\u00e9 une communication relative \u00e0 l\u2019\u00e9valuation de la mise en \u0153uvre de la Strat\u00e9gie d\u2019Am\u00e9nagement et de D\u00e9veloppement Durable et Int\u00e9gr\u00e9 des P\u00eaches Maritimes.<\/p>\n<p>Cette communication a pour objectif de pr\u00e9senter au Gouvernement l\u2019\u00e9conomie de l\u2019\u00e9valuation de la strat\u00e9gie d\u2019am\u00e9nagement et de d\u00e9veloppement durable et int\u00e9gr\u00e9 des p\u00eaches maritimes pour la p\u00e9riode 2020-2024, conform\u00e9ment aux orientations gouvernementales et aux engagements du d\u00e9partement. Cette \u00e9valuation, qui s\u2019inscrit dans une d\u00e9marche de redevabilit\u00e9, de transparence et d\u2019am\u00e9lioration continue des politiques publiques, a permis un examen rigoureux de la mise en \u0153uvre de cette strat\u00e9gie, l\u2019appr\u00e9ciation de l\u2019ex\u00e9cution des actions, des r\u00e9sultats obtenus et des performances sectorielles. Elle a \u00e9galement identifi\u00e9 les obstacles rencontr\u00e9s, qu\u2019ils soient internes (capacit\u00e9s institutionnelles, gouvernance), externes (intersectorielles), ou complexes. Au-del\u00e0 du bilan, cette analyse critique des cinq derni\u00e8res ann\u00e9es nourrira les orientations du prochain programme quinquennal (2025-2029) et renforcera la vision sectorielle future.<\/p>\n<p>La Ministre de l\u2019Action Sociale, de l\u2019Enfance et de la Famille a pr\u00e9sent\u00e9 une communication relative \u00e0 la situation de l\u2019\u00e9ducation des enfants en situation de handicap, en particulier de l\u2019enseignement sp\u00e9cialis\u00e9.<\/p>\n<p>Cette communication a pour objectif de dresser un diagnostic de la situation de l\u2019\u00e9ducation des enfants en situation de handicap, en particulier de l\u2019enseignement sp\u00e9cialis\u00e9, par les centres relevant du Minist\u00e8re et de proposer un ensemble de mesures visant \u00e0 promouvoir ce type d\u2019enseignement.<br \/>\nAmi<\/p>\n","protected":false},"excerpt":{"rendered":"<p>Le Conseil des Ministres s\u2019est r\u00e9uni le Mardi 12 Ao\u00fbt 2025, sous la Pr\u00e9sidence de Son Excellence Monsieur Mohamed OULD CHEIKH EL-GHAZOUANI, Pr\u00e9sident de la R\u00e9publique. Le Conseil a examin\u00e9 et approuv\u00e9 le projet de loi modifiant et compl\u00e9tant certaines dispositions de la loi n\u00b02010-022 du 10 f\u00e9vrier 2010, telle que modifi\u00e9e et compl\u00e9t\u00e9e par &hellip;<\/p>\n","protected":false},"author":2,"featured_media":16698,"comment_status":"open","ping_status":"open","sticky":false,"template":"","format":"standard","meta":{"footnotes":""},"categories":[18,2],"tags":[],"class_list":["post-17508","post","type-post","status-publish","format-standard","has-post-thumbnail","hentry","category-actualites","category-economie"],"_links":{"self":[{"href":"https:\/\/ladepeche.mr\/index.php?rest_route=\/wp\/v2\/posts\/17508","targetHints":{"allow":["GET"]}}],"collection":[{"href":"https:\/\/ladepeche.mr\/index.php?rest_route=\/wp\/v2\/posts"}],"about":[{"href":"https:\/\/ladepeche.mr\/index.php?rest_route=\/wp\/v2\/types\/post"}],"author":[{"embeddable":true,"href":"https:\/\/ladepeche.mr\/index.php?rest_route=\/wp\/v2\/users\/2"}],"replies":[{"embeddable":true,"href":"https:\/\/ladepeche.mr\/index.php?rest_route=%2Fwp%2Fv2%2Fcomments&post=17508"}],"version-history":[{"count":2,"href":"https:\/\/ladepeche.mr\/index.php?rest_route=\/wp\/v2\/posts\/17508\/revisions"}],"predecessor-version":[{"id":17520,"href":"https:\/\/ladepeche.mr\/index.php?rest_route=\/wp\/v2\/posts\/17508\/revisions\/17520"}],"wp:featuredmedia":[{"embeddable":true,"href":"https:\/\/ladepeche.mr\/index.php?rest_route=\/wp\/v2\/media\/16698"}],"wp:attachment":[{"href":"https:\/\/ladepeche.mr\/index.php?rest_route=%2Fwp%2Fv2%2Fmedia&parent=17508"}],"wp:term":[{"taxonomy":"category","embeddable":true,"href":"https:\/\/ladepeche.mr\/index.php?rest_route=%2Fwp%2Fv2%2Fcategories&post=17508"},{"taxonomy":"post_tag","embeddable":true,"href":"https:\/\/ladepeche.mr\/index.php?rest_route=%2Fwp%2Fv2%2Ftags&post=17508"}],"curies":[{"name":"wp","href":"https:\/\/api.w.org\/{rel}","templated":true}]}}