{"id":17512,"date":"2025-08-12T21:50:12","date_gmt":"2025-08-12T21:50:12","guid":{"rendered":"https:\/\/ladepeche.mr\/?p=17512"},"modified":"2025-08-13T10:33:58","modified_gmt":"2025-08-13T10:33:58","slug":"le-groupe-international-des-sages-denonce-un-genocide-en-cours-a-gaza","status":"publish","type":"post","link":"https:\/\/ladepeche.mr\/?p=17512","title":{"rendered":"Le groupe international des \u00abSages\u00bb d\u00e9nonce un \u00abg\u00e9nocide\u00bb en cours \u00e0 Gaza"},"content":{"rendered":"<p>Le groupe des ex-personnalit\u00e9s internationales formant les \u00ab Sages \u00bb (\u00ab The Elders \u00bb) a d\u00e9nonc\u00e9 mardi un \u00ab g\u00e9nocide \u00bb en cours \u00e0 Gaza et \u00ab l&#8217;obstruction d\u00e9lib\u00e9r\u00e9e par Isra\u00ebl de l&#8217;entr\u00e9e de l&#8217;aide humanitaire \u00bb dans le territoire palestinien assi\u00e9g\u00e9. \u00ab Ce que nous avons vu et entendu renforce notre conviction personnelle: ce n&#8217;est pas seulement une famine d&#8217;origine humaine qui est en cours \u00e0 Gaza, mais un g\u00e9nocide \u00bb, affirme dans un communiqu\u00e9 ce groupe fond\u00e9 par Nelson Mandela et qui compte parmi ses membres l&#8217;ancien Secr\u00e9taire g\u00e9n\u00e9ral des Nations unies Ban Ki-moon ou encore l&#8217;ancienne pr\u00e9sidente du Liberia Ellen Johnson Sirleaf.<\/p>\n<p>Les \u00ab Sages \u00bb appellent Isra\u00ebl \u00e0 \u00ab ouvrir imm\u00e9diatement tous les points de passage transfrontaliers \u00bb vers le territoire palestinien, y compris celui de Rafah. \u00ab La Convention de 1948 sur le g\u00e9nocide a \u00e9t\u00e9 cr\u00e9\u00e9e au lendemain de l&#8217;Holocauste pour emp\u00eacher que ce crime ne se reproduise. Mais elle est bafou\u00e9e en paroles et en actes par Isra\u00ebl \u00e0 Gaza, ainsi que par de puissants \u00c9tats membres de l&#8217;ONU qui ne demandent pas de comptes aux dirigeants isra\u00e9liens \u00bb, ajoute encore le groupe.<\/p>\n<p>Dans la foul\u00e9e de l&#8217;attaque meurtri\u00e8re du Hamas le 7 octobre 2023, qui a entra\u00een\u00e9 la mort de 1.219 personnes c\u00f4t\u00e9 isra\u00e9lien, en majorit\u00e9 des civils, selon un d\u00e9compte de l&#8217;AFP \u00e9tabli \u00e0 partir de donn\u00e9es officielles, Isra\u00ebl a lanc\u00e9 une vaste offensive militaire \u00e0 Gaza.\u00a0Ces repr\u00e9sailles ont fait \u00e0 ce jour 61.499 morts, majoritairement des civils, selon les donn\u00e9es du minist\u00e8re de la Sant\u00e9 du Hamas, jug\u00e9es fiables par l&#8217;ONU.<\/p>\n<p>Dans leur communiqu\u00e9, les \u00ab Sages \u00bb appellent \u00e9galement le Hamas \u00e0 \u00ab rel\u00e2cher imm\u00e9diatement tous les otages isra\u00e9liens \u00bb qu&#8217;il d\u00e9tient encore \u00e0 Gaza. Parmi les 251 otages captur\u00e9s lors de l\u2019attaque du 7 octobre 2023, 49 restent d\u00e9tenus \u00e0 Gaza, dont 27 d\u00e9c\u00e9d\u00e9s, selon l&#8217;arm\u00e9e isra\u00e9lienne. \u00ab Nous exhortons Isra\u00ebl et le Hamas \u00e0 relancer des n\u00e9gociations pour un cessez-le-feu et \u00e0 conclure un accord \u00bb, plaident encore les \u00ab Sages \u00bb.<\/p>\n<p>En attendant, les gouvernements doivent imposer des \u00ab sanctions cibl\u00e9es \u00bb contre le Premier ministre Benjamin Netanyahu et \u00ab tous les membres de son cabinet de s\u00e9curit\u00e9, estiment les \u00ab Sages \u00bb, qui saluent l&#8217;initiative de plusieurs pays, dont la France et l&#8217;Australie, de reconna\u00eetre prochainement un Etat de Palestine. Ils appellent \u00e9galement \u00e0 cesser les ventes d&#8217;armes \u00e0 Isra\u00ebl et l&#8217;Union europ\u00e9enne \u00e0 suspendre son accord d&#8217;association avec ce pays.<\/p>\n<p>https:\/\/www.lorientlejour.com\/<\/p>\n<p>Photo: bing.com<\/p>\n","protected":false},"excerpt":{"rendered":"<p>Le groupe des ex-personnalit\u00e9s internationales formant les \u00ab Sages \u00bb (\u00ab The Elders \u00bb) a d\u00e9nonc\u00e9 mardi un \u00ab g\u00e9nocide \u00bb en cours \u00e0 Gaza et \u00ab l&#8217;obstruction d\u00e9lib\u00e9r\u00e9e par Isra\u00ebl de l&#8217;entr\u00e9e de l&#8217;aide humanitaire \u00bb dans le territoire palestinien assi\u00e9g\u00e9. \u00ab Ce que nous avons vu et entendu renforce notre conviction personnelle: ce &hellip;<\/p>\n","protected":false},"author":2,"featured_media":17513,"comment_status":"open","ping_status":"open","sticky":false,"template":"","format":"standard","meta":{"footnotes":""},"categories":[18,29],"tags":[],"class_list":["post-17512","post","type-post","status-publish","format-standard","has-post-thumbnail","hentry","category-actualites","category-monde"],"_links":{"self":[{"href":"https:\/\/ladepeche.mr\/index.php?rest_route=\/wp\/v2\/posts\/17512","targetHints":{"allow":["GET"]}}],"collection":[{"href":"https:\/\/ladepeche.mr\/index.php?rest_route=\/wp\/v2\/posts"}],"about":[{"href":"https:\/\/ladepeche.mr\/index.php?rest_route=\/wp\/v2\/types\/post"}],"author":[{"embeddable":true,"href":"https:\/\/ladepeche.mr\/index.php?rest_route=\/wp\/v2\/users\/2"}],"replies":[{"embeddable":true,"href":"https:\/\/ladepeche.mr\/index.php?rest_route=%2Fwp%2Fv2%2Fcomments&post=17512"}],"version-history":[{"count":2,"href":"https:\/\/ladepeche.mr\/index.php?rest_route=\/wp\/v2\/posts\/17512\/revisions"}],"predecessor-version":[{"id":17521,"href":"https:\/\/ladepeche.mr\/index.php?rest_route=\/wp\/v2\/posts\/17512\/revisions\/17521"}],"wp:featuredmedia":[{"embeddable":true,"href":"https:\/\/ladepeche.mr\/index.php?rest_route=\/wp\/v2\/media\/17513"}],"wp:attachment":[{"href":"https:\/\/ladepeche.mr\/index.php?rest_route=%2Fwp%2Fv2%2Fmedia&parent=17512"}],"wp:term":[{"taxonomy":"category","embeddable":true,"href":"https:\/\/ladepeche.mr\/index.php?rest_route=%2Fwp%2Fv2%2Fcategories&post=17512"},{"taxonomy":"post_tag","embeddable":true,"href":"https:\/\/ladepeche.mr\/index.php?rest_route=%2Fwp%2Fv2%2Ftags&post=17512"}],"curies":[{"name":"wp","href":"https:\/\/api.w.org\/{rel}","templated":true}]}}