{"id":17522,"date":"2025-08-13T14:09:30","date_gmt":"2025-08-13T14:09:30","guid":{"rendered":"https:\/\/ladepeche.mr\/?p=17522"},"modified":"2025-08-13T14:09:30","modified_gmt":"2025-08-13T14:09:30","slug":"assemblee-nationale-le-conseil-constitutionnel-invalide-des-articles-du-ri-immunisant-les-deputes","status":"publish","type":"post","link":"https:\/\/ladepeche.mr\/?p=17522","title":{"rendered":"Assembl\u00e9e nationale: Le Conseil constitutionnel invalide des articles du RI immunisant les d\u00e9put\u00e9s"},"content":{"rendered":"<p>D\u00e9cid\u00e9ment, la nouvelle r\u00e9forme du R\u00e8glement int\u00e9rieur de l\u2019Assembl\u00e9e nationale n\u2019a pas livr\u00e9 tous ses secrets.<\/p>\n<p>Le Conseil constitutionnel vient, en effet, r\u00e9v\u00e8lent nos confr\u00e8res de Alakhbar, d\u2019annuler plusieurs dispositions du r\u00e8glement int\u00e9rieur de l\u2019Assembl\u00e9e nationale, estimant qu\u2019elles contreviennent \u00e0 la Constitution, notamment en ce qui concerne la protection juridique du pr\u00e9sident du Parlement et des membres du gouvernement.<\/p>\n<p>Dans sa d\u00e9cision, le Conseil a particuli\u00e8rement point\u00e9 du doigt des articles visant \u00e0 \u00ab\u00a0immuniser\u00a0\u00bb certaines hautes personnalit\u00e9s de l\u2019\u00c9tat contre les critiques, consid\u00e9rant que cela portait atteinte \u00e0 la libert\u00e9 d\u2019expression des d\u00e9put\u00e9s et limitait leur r\u00f4le de contr\u00f4le sur l\u2019action gouvernementale \u2013 un principe fondamental garanti par la Constitution.<\/p>\n<p>Les dispositions invalid\u00e9es incluent des tentatives de protection du Premier ministre, du pr\u00e9sident du Parlement, des membres du gouvernement ainsi que d\u2019institutions constitutionnelles. Le Conseil a \u00e9galement annul\u00e9 des passages visant \u00e0 p\u00e9naliser tout \u00ab\u00a0m\u00e9pris\u00a0\u00bb envers l\u2019Assembl\u00e9e nationale ou son pr\u00e9sident.<\/p>\n<p>Parmi les suppressions notables figurent la <strong>premi\u00e8re phrase de l\u2019article 80<\/strong>, la <strong>sixi\u00e8me de l\u2019article 45<\/strong>, et la <strong>derni\u00e8re ligne du troisi\u00e8me paragraphe de l\u2019article 55<\/strong>, qui aurait permis de clore une session parlementaire extraordinaire d\u00e8s la fin de son ordre du jour \u2013 une disposition jug\u00e9e contraire \u00e0 l\u2019article 53 de la Constitution.<\/p>\n<p>Le Conseil a motiv\u00e9 sa d\u00e9cision en invoquant une contradiction avec les articles <strong>2, 10, 42, 43 et 50<\/strong> de la Constitution mauritanienne, qui consacrent la libert\u00e9 d\u2019expression, la responsabilit\u00e9 du gouvernement devant le Parlement et la mission de contr\u00f4le exerc\u00e9e par ce dernier.<\/p>\n<p>Par ailleurs, l\u2019instance a rappel\u00e9 que les mesures de protection excessive envers les responsables politiques \u00e9taient incompatibles avec la <strong>loi 021\/2022<\/strong>, relative \u00e0 la protection des symboles nationaux et \u00e0 la criminalisation des atteintes \u00e0 la dignit\u00e9 de l\u2019\u00c9tat et des citoyens. Elle a soulign\u00e9 que des textes juridiques d\u00e9j\u00e0 en vigueur suffisent \u00e0 garantir le respect des institutions sans restreindre les libert\u00e9s fondamentales.<\/p>\n<p>En conclusion, le Conseil constitutionnel a rappel\u00e9 que toute loi ou disposition r\u00e9glementaire contraire \u00e0 la Constitution doit \u00eatre modifi\u00e9e ou abrog\u00e9e, afin d\u2019assurer la primaut\u00e9 du droit, la justice et la stabilit\u00e9 sociale.<\/p>\n<p>&nbsp;<\/p>\n","protected":false},"excerpt":{"rendered":"<p>D\u00e9cid\u00e9ment, la nouvelle r\u00e9forme du R\u00e8glement int\u00e9rieur de l\u2019Assembl\u00e9e nationale n\u2019a pas livr\u00e9 tous ses secrets. Le Conseil constitutionnel vient, en effet, r\u00e9v\u00e8lent nos confr\u00e8res de Alakhbar, d\u2019annuler plusieurs dispositions du r\u00e8glement int\u00e9rieur de l\u2019Assembl\u00e9e nationale, estimant qu\u2019elles contreviennent \u00e0 la Constitution, notamment en ce qui concerne la protection juridique du pr\u00e9sident du Parlement et &hellip;<\/p>\n","protected":false},"author":2,"featured_media":15381,"comment_status":"open","ping_status":"open","sticky":false,"template":"","format":"standard","meta":{"footnotes":""},"categories":[18,31],"tags":[],"class_list":["post-17522","post","type-post","status-publish","format-standard","has-post-thumbnail","hentry","category-actualites","category-politique-et-reportages"],"_links":{"self":[{"href":"https:\/\/ladepeche.mr\/index.php?rest_route=\/wp\/v2\/posts\/17522","targetHints":{"allow":["GET"]}}],"collection":[{"href":"https:\/\/ladepeche.mr\/index.php?rest_route=\/wp\/v2\/posts"}],"about":[{"href":"https:\/\/ladepeche.mr\/index.php?rest_route=\/wp\/v2\/types\/post"}],"author":[{"embeddable":true,"href":"https:\/\/ladepeche.mr\/index.php?rest_route=\/wp\/v2\/users\/2"}],"replies":[{"embeddable":true,"href":"https:\/\/ladepeche.mr\/index.php?rest_route=%2Fwp%2Fv2%2Fcomments&post=17522"}],"version-history":[{"count":1,"href":"https:\/\/ladepeche.mr\/index.php?rest_route=\/wp\/v2\/posts\/17522\/revisions"}],"predecessor-version":[{"id":17523,"href":"https:\/\/ladepeche.mr\/index.php?rest_route=\/wp\/v2\/posts\/17522\/revisions\/17523"}],"wp:featuredmedia":[{"embeddable":true,"href":"https:\/\/ladepeche.mr\/index.php?rest_route=\/wp\/v2\/media\/15381"}],"wp:attachment":[{"href":"https:\/\/ladepeche.mr\/index.php?rest_route=%2Fwp%2Fv2%2Fmedia&parent=17522"}],"wp:term":[{"taxonomy":"category","embeddable":true,"href":"https:\/\/ladepeche.mr\/index.php?rest_route=%2Fwp%2Fv2%2Fcategories&post=17522"},{"taxonomy":"post_tag","embeddable":true,"href":"https:\/\/ladepeche.mr\/index.php?rest_route=%2Fwp%2Fv2%2Ftags&post=17522"}],"curies":[{"name":"wp","href":"https:\/\/api.w.org\/{rel}","templated":true}]}}