{"id":17526,"date":"2025-08-14T12:01:48","date_gmt":"2025-08-14T12:01:48","guid":{"rendered":"https:\/\/ladepeche.mr\/?p=17526"},"modified":"2025-08-14T12:01:48","modified_gmt":"2025-08-14T12:01:48","slug":"hodh-el-charghi-lancement-dune-campagne-de-prevention-contre-le-paludisme-chez-les-jeunes-enfants","status":"publish","type":"post","link":"https:\/\/ladepeche.mr\/?p=17526","title":{"rendered":"Hodh El Charghi : Lancement d&#8217;une campagne de pr\u00e9vention contre le paludisme chez les jeunes enfants"},"content":{"rendered":"<p data-start=\"248\" data-end=\"634\">Les autorit\u00e9s sanitaires ont donn\u00e9, ce week-end, le coup d\u2019envoi officiel de la premi\u00e8re campagne de pr\u00e9vention chimique contre le paludisme saisonnier dans la wilaya du Hodh El Charghi. L&#8217;\u00e9v\u00e9nement a \u00e9t\u00e9 supervis\u00e9 par le directeur de cabinet du wali, accompagn\u00e9 du coordinateur du Programme national d\u2019\u00e9limination du paludisme et du directeur r\u00e9gional de la sant\u00e9.<\/p>\n<p data-start=\"636\" data-end=\"903\">Plac\u00e9e sous le slogan <em data-start=\"658\" data-end=\"735\">\u00ab Offrons \u00e0 nos enfants de 3 \u00e0 59 mois une protection contre le paludisme \u00bb<\/em>, cette campagne vise \u00e0 prot\u00e9ger les jeunes enfants \u2014 particuli\u00e8rement vuln\u00e9rables pendant la saison des pluies \u2014 contre une maladie qui reste end\u00e9mique dans la r\u00e9gion.<\/p>\n<p data-start=\"905\" data-end=\"1207\">Pendant quatre jours, les \u00e9quipes de sant\u00e9 interviendront dans les moughataas de N\u00e9ma, Timbedra et Bassiknou, en appliquant une strat\u00e9gie de distribution de m\u00e9dicaments pr\u00e9ventifs selon l\u2019approche \u00ab porte \u00e0 porte \u00bb. Cette m\u00e9thode vise \u00e0 garantir une couverture maximale des enfants \u00e2g\u00e9s de 3 \u00e0 59 mois.<\/p>\n<p data-start=\"1209\" data-end=\"1559\">Avant le lancement de l\u2019op\u00e9ration, une campagne de sensibilisation de deux jours a \u00e9t\u00e9 men\u00e9e aupr\u00e8s des communaut\u00e9s locales. L\u2019objectif : informer les familles sur les risques li\u00e9s au paludisme et les inciter \u00e0 faire b\u00e9n\u00e9ficier leurs enfants des traitements pr\u00e9ventifs mis en place par le minist\u00e8re de la Sant\u00e9, en collaboration avec ses partenaires.<\/p>\n<p data-start=\"1561\" data-end=\"1836\">La campagne s\u2019articulera autour de trois passages : le premier est actuellement en cours, le second aura lieu dans un mois, et le dernier le mois suivant. Cette organisation vise \u00e0 assurer une protection continue tout au long de la p\u00e9riode de haute transmission du paludisme.<\/p>\n<p data-start=\"1838\" data-end=\"2126\">Cette initiative s\u2019inscrit dans le cadre de la strat\u00e9gie nationale de lutte contre le paludisme, qui ambitionne de r\u00e9duire significativement l\u2019incidence et la mortalit\u00e9 li\u00e9es \u00e0 cette maladie, en particulier chez les enfants de moins de cinq ans, les plus expos\u00e9s aux complications graves.<\/p>\n","protected":false},"excerpt":{"rendered":"<p>Les autorit\u00e9s sanitaires ont donn\u00e9, ce week-end, le coup d\u2019envoi officiel de la premi\u00e8re campagne de pr\u00e9vention chimique contre le paludisme saisonnier dans la wilaya du Hodh El Charghi. L&#8217;\u00e9v\u00e9nement a \u00e9t\u00e9 supervis\u00e9 par le directeur de cabinet du wali, accompagn\u00e9 du coordinateur du Programme national d\u2019\u00e9limination du paludisme et du directeur r\u00e9gional de la &hellip;<\/p>\n","protected":false},"author":2,"featured_media":17527,"comment_status":"open","ping_status":"open","sticky":false,"template":"","format":"standard","meta":{"footnotes":""},"categories":[18,27],"tags":[],"class_list":["post-17526","post","type-post","status-publish","format-standard","has-post-thumbnail","hentry","category-actualites","category-sante"],"_links":{"self":[{"href":"https:\/\/ladepeche.mr\/index.php?rest_route=\/wp\/v2\/posts\/17526","targetHints":{"allow":["GET"]}}],"collection":[{"href":"https:\/\/ladepeche.mr\/index.php?rest_route=\/wp\/v2\/posts"}],"about":[{"href":"https:\/\/ladepeche.mr\/index.php?rest_route=\/wp\/v2\/types\/post"}],"author":[{"embeddable":true,"href":"https:\/\/ladepeche.mr\/index.php?rest_route=\/wp\/v2\/users\/2"}],"replies":[{"embeddable":true,"href":"https:\/\/ladepeche.mr\/index.php?rest_route=%2Fwp%2Fv2%2Fcomments&post=17526"}],"version-history":[{"count":1,"href":"https:\/\/ladepeche.mr\/index.php?rest_route=\/wp\/v2\/posts\/17526\/revisions"}],"predecessor-version":[{"id":17528,"href":"https:\/\/ladepeche.mr\/index.php?rest_route=\/wp\/v2\/posts\/17526\/revisions\/17528"}],"wp:featuredmedia":[{"embeddable":true,"href":"https:\/\/ladepeche.mr\/index.php?rest_route=\/wp\/v2\/media\/17527"}],"wp:attachment":[{"href":"https:\/\/ladepeche.mr\/index.php?rest_route=%2Fwp%2Fv2%2Fmedia&parent=17526"}],"wp:term":[{"taxonomy":"category","embeddable":true,"href":"https:\/\/ladepeche.mr\/index.php?rest_route=%2Fwp%2Fv2%2Fcategories&post=17526"},{"taxonomy":"post_tag","embeddable":true,"href":"https:\/\/ladepeche.mr\/index.php?rest_route=%2Fwp%2Fv2%2Ftags&post=17526"}],"curies":[{"name":"wp","href":"https:\/\/api.w.org\/{rel}","templated":true}]}}