{"id":17529,"date":"2025-08-14T14:15:12","date_gmt":"2025-08-14T14:15:12","guid":{"rendered":"https:\/\/ladepeche.mr\/?p=17529"},"modified":"2025-08-14T14:15:12","modified_gmt":"2025-08-14T14:15:12","slug":"gouvernement-un-changement-dans-lair","status":"publish","type":"post","link":"https:\/\/ladepeche.mr\/?p=17529","title":{"rendered":"Gouvernement\u00a0:\u00a0Un changement dans l\u2019air!"},"content":{"rendered":"<p>Le premier Ministre, Mokhtar Ould Diaye, avait mis\u00e9 sur plusieurs personnalit\u00e9s pour faire partie de son gouvernement form\u00e9 il y a un an. Malgr\u00e9 l\u2019espoir suscit\u00e9 et le suivi r\u00e9gulier des programmes de l\u2019action du gouvernement force est de constater que l\u2019efficacit\u00e9 a manqu\u00e9 \u00e0 diff\u00e9rents ministres. On \u00e9voque depuis l\u2019opportunit\u00e9 d\u2019un \u00abredressement\u00a0\u00bb qui pourrait emporter les principaux ministres d\u00e9faillants.<\/p>\n<p>Le premier Ministre, Mokhtar Ould Diaye, n\u2019est sans doute pas le fusible que devrait actionner le pr\u00e9sident Ghazaouni pour drainer plus d\u2019\u00e9nergie \u00e0 l\u2019\u00e9quipe gouvernementale. Comme le pr\u00e9sident, le premier Ministre dresse lui aussi le constat qu\u2019il faille aujourd\u2019hui corriger les insuffisances gouvernementales remont\u00e9es \u00e0 la surface \u00e0 la faveur des nombreuses crises dont celle de l\u2019eau et de l\u2019\u00e9lectricit\u00e9 notamment.<\/p>\n<p>Quand le gouvernement sera-t-il remani\u00e9\u00a0? Et quelle ampleur aura ce changement \u00e9ventuel\u00a0? S\u2019il ne tenait qu\u2019aux salons nouakchottois, l\u2019issue de ce changement n\u2019attendrait m\u00eame pas le retour de vacances des membres du gouvernement. Tout indique cependant que le pr\u00e9sident de la R\u00e9publique, Mohamed Ould ghazouani, mettra \u00e0 profit ses vacances estivales pour mieux r\u00e9fl\u00e9chir \u00e0 un nouvel attelage dont il devrait encore confier les brides au premier Ministre, Mokhtar Ould Diaye.<\/p>\n<p>La soif g\u00e9n\u00e9ralis\u00e9e et les d\u00e9lestages continus pourraient avoir convaincu le pr\u00e9sident de changer les rouages et t\u00e2ter en ce d\u00e9but de dernier mandat un r\u00e9\u00e9quilibrage n\u00e9cessaire \u00e0 la coh\u00e9sion de toute l\u2019architecture gouvernementale. Insuffler du sang neuf tout en pr\u00e9servant l\u2019exp\u00e9rience des membres est un peu l\u2019\u00e9quilibrisme sur lequel fonderait le pr\u00e9sident ce changement pour r\u00e9pondre aux attentes de la population de ses promesses \u00e9lectorales \u00abMon ambition pour la patrie\u00a0\u00bb. Dans le camp du pr\u00e9sident, l\u2019on estime quelque part qu\u2019il a re\u00e7u un coup de poignard dans le dos parce que certains d\u00e9partements ont tout simplement failli \u00e0 concr\u00e9tiser l\u2019engagement pr\u00e9sidentiel. A vrai dire rien n\u2019est encore perdu mais il faut bien admettre que certains pans du gouvernement misent encore sur des actions d\u2019\u00e9clat. Des responsables saltimbanques qui amusent la galerie au lieu de traduire sur le terrain les engagements pris par le pr\u00e9sident face \u00e0 ses concitoyens. Un folklore qui ne trompe plus le pr\u00e9sident alors que les populations prennent le taureau par les cornes. Mieux encore. Les populations tirent d\u00e9sormais le diable par la queue face \u00e0 tant d\u2019imp\u00e9rities qui tournent \u00e0 la d\u00e9rision le programme \u00e9lectoral du pr\u00e9sident. A une encablure du point d\u2019arriv\u00e9e de son dernier mandat, le pr\u00e9sident ne devrait donc plus accorder de circonstances \u00abatt\u00e9nuantes\u00a0\u00bb pour les responsables en charge de la gestion de son programme politique. Ses vacances ne seraient donc qu\u2019une retraite pour mieux cogiter sur une nouvelle forme de gestion afin de redorer le blason gouvernemental. Il n\u2019y a certainement plus droit \u00e0 l\u2019erreur, ni aux faux semblants. Le retour de vacances du gouvernement ne sera donc pas bien ais\u00e9 pour tous les ministres. Certains se douteraient d\u00e9j\u00e0 d\u2019\u00eatre sur la liste des d\u00e9parts. Plusieurs ministres devraient, en effet, rendre leurs tabliers afin de redresser les anomalies constat\u00e9es dans leur prise en charge des int\u00e9r\u00eats publics. Qui sauvera sa t\u00eate\u00a0? Qui devrait partir\u00a0? Il est clair que seul le maestro et premier Ministre, Ould Diaye devrait, en connaitre les noms chuchot\u00e9s par le pr\u00e9sident.<\/p>\n<p>Le changement ne tiendrait enfin qu&#8217;au retour de vacances du pr\u00e9sident lui-m\u00eame.<\/p>\n","protected":false},"excerpt":{"rendered":"<p>Le premier Ministre, Mokhtar Ould Diaye, avait mis\u00e9 sur plusieurs personnalit\u00e9s pour faire partie de son gouvernement form\u00e9 il y a un an. Malgr\u00e9 l\u2019espoir suscit\u00e9 et le suivi r\u00e9gulier des programmes de l\u2019action du gouvernement force est de constater que l\u2019efficacit\u00e9 a manqu\u00e9 \u00e0 diff\u00e9rents ministres. On \u00e9voque depuis l\u2019opportunit\u00e9 d\u2019un \u00abredressement\u00a0\u00bb qui pourrait &hellip;<\/p>\n","protected":false},"author":2,"featured_media":13667,"comment_status":"open","ping_status":"open","sticky":false,"template":"","format":"standard","meta":{"footnotes":""},"categories":[18,31],"tags":[],"class_list":["post-17529","post","type-post","status-publish","format-standard","has-post-thumbnail","hentry","category-actualites","category-politique-et-reportages"],"_links":{"self":[{"href":"https:\/\/ladepeche.mr\/index.php?rest_route=\/wp\/v2\/posts\/17529","targetHints":{"allow":["GET"]}}],"collection":[{"href":"https:\/\/ladepeche.mr\/index.php?rest_route=\/wp\/v2\/posts"}],"about":[{"href":"https:\/\/ladepeche.mr\/index.php?rest_route=\/wp\/v2\/types\/post"}],"author":[{"embeddable":true,"href":"https:\/\/ladepeche.mr\/index.php?rest_route=\/wp\/v2\/users\/2"}],"replies":[{"embeddable":true,"href":"https:\/\/ladepeche.mr\/index.php?rest_route=%2Fwp%2Fv2%2Fcomments&post=17529"}],"version-history":[{"count":1,"href":"https:\/\/ladepeche.mr\/index.php?rest_route=\/wp\/v2\/posts\/17529\/revisions"}],"predecessor-version":[{"id":17530,"href":"https:\/\/ladepeche.mr\/index.php?rest_route=\/wp\/v2\/posts\/17529\/revisions\/17530"}],"wp:featuredmedia":[{"embeddable":true,"href":"https:\/\/ladepeche.mr\/index.php?rest_route=\/wp\/v2\/media\/13667"}],"wp:attachment":[{"href":"https:\/\/ladepeche.mr\/index.php?rest_route=%2Fwp%2Fv2%2Fmedia&parent=17529"}],"wp:term":[{"taxonomy":"category","embeddable":true,"href":"https:\/\/ladepeche.mr\/index.php?rest_route=%2Fwp%2Fv2%2Fcategories&post=17529"},{"taxonomy":"post_tag","embeddable":true,"href":"https:\/\/ladepeche.mr\/index.php?rest_route=%2Fwp%2Fv2%2Ftags&post=17529"}],"curies":[{"name":"wp","href":"https:\/\/api.w.org\/{rel}","templated":true}]}}