{"id":1753,"date":"2022-09-04T22:08:32","date_gmt":"2022-09-04T22:08:32","guid":{"rendered":"https:\/\/ladepeche.mr\/?p=1753"},"modified":"2022-09-04T22:09:05","modified_gmt":"2022-09-04T22:09:05","slug":"1753","status":"publish","type":"post","link":"https:\/\/ladepeche.mr\/?p=1753","title":{"rendered":"Communiqu\u00e9 du collectif de d\u00e9fense de l\u2019ancien pr\u00e9sident Mohamed ould Abdel Aziz\u00a0:  \u00abL\u2019inculpation de l\u2019ancien pr\u00e9sident de la r\u00e9publique l\u2019a \u00e9t\u00e9 pour des raisons purement et proprement politiques\u00a0\u00bb"},"content":{"rendered":"<p>\u00ab\u00a0L\u2019inculpation de l\u2019ancien pr\u00e9sident de la r\u00e9publique l\u2019a \u00e9t\u00e9 pour des raisons purement et proprement politiques\u00a0\u00bb a estim\u00e9 dans un communiqu\u00e9, qu\u2019il a rendu public, le collectif de d\u00e9fense de l\u2019ancien pr\u00e9sident de la R\u00e9publique, Mohamed Ould Abdelaziz.<\/p>\n<p>Le collectif dit, par ailleurs, avoir pens\u00e9 que son client devait \u00eatre \u00ab libre de ses mouvements \u00e0 l\u2019issue de sa mise sous contr\u00f4le judiciaire dont le terme est fix\u00e9 au 7 septembre 2022 \u00bb, pr\u00e9cise-t-il.<\/p>\n<p>Il d\u00e9veloppe \u00e0 ce effet un argumentaire pour justifier ses dires.<\/p>\n<p>Nous vous proposons l\u2019int\u00e9gralit\u00e9 du<strong> communiqu\u00e9 du collectif de d\u00e9fense<\/strong>\u00a0:<\/p>\n<p>Pourriez-vous nous \u00e9difier sur le sort r\u00e9serv\u00e9 \u00e0 l\u2019ancien pr\u00e9sident de la r\u00e9publique Mohamed ould Abdel Aziz, par ces gens-l\u00e0 ?<\/p>\n<p>Sera-t-il enfin libre de ses mouvements \u00e0 l\u2019issue de la p\u00e9riode abusivement prolong\u00e9e de son placement sous contr\u00f4le judiciaire, venant de ce fait \u00e0 expiration le 7 septembre 2022 ?<\/p>\n<p>Plusieurs questions abondant toutes dans le m\u00eame sens nous ont \u00e9t\u00e9 pos\u00e9es, auxquelles nous r\u00e9pondions invariablement que oui, l\u2019ancien pr\u00e9sident sera libre de ses mouvements \u00e0 l\u2019issue de sa mise sous contr\u00f4le judiciaire dont le terme est fix\u00e9 au 7 septembre 2022.<\/p>\n<p>Notre r\u00e9ponse est corrobor\u00e9e par les arguments suivants.<\/p>\n<p><strong>1)<\/strong>\u00a0L\u2019inculpation de l\u2019ancien pr\u00e9sident de la r\u00e9publique l\u2019a \u00e9t\u00e9 pour des raisons purement et proprement politiques, au m\u00e9pris d\u2019un texte de la constitution dont la violation est en soi un acte de haute trahison, l\u2019objectif recherch\u00e9 \u00e9tant de le priver de ses droits civils, de l\u2019\u00e9loigner de la sc\u00e8ne politique, de confisquer ses biens, ceux de sa famille, de ses proches et de sa tribu aux seules fins de se les approprier, et satisfaire de la sorte les caprices de ceux qui, sous le pr\u00e9texte fallacieux de contester la paternit\u00e9 du parti majoritaire \u00e0 l\u2019ancien pr\u00e9sident, ne visent en r\u00e9alit\u00e9 qu\u2019\u00e0 assouvir des ambitions personnelles aux objectifs malsains.<\/p>\n<p><strong>2)<\/strong>\u00a0L\u2019instruction qui n\u2019a jamais commenc\u00e9 vient d\u2019\u00eatre cl\u00f4tur\u00e9e ! Cl\u00f4tur\u00e9e sans apporter aucun \u00e9l\u00e9ment de nature \u00e0 convaincre de la culpabilit\u00e9 de l\u2019ancien pr\u00e9sident de la r\u00e9publique ; il ne pouvait en \u00eatre autrement, s\u2019agissant d\u2019une action d\u00e9nu\u00e9e de tout fondement factuel ou de droit, sauf ceux v\u00e9hicul\u00e9s \u00e0 travers les rumeurs soigneusement distill\u00e9es par les services de renseignements, et les m\u00e9dias qui leur sont affili\u00e9s.<\/p>\n<p>Le seul et unique moyen de preuve rapport\u00e9e dans l\u2019ordonnance de cl\u00f4ture par le p\u00f4le charg\u00e9 de l\u2019instruction est le suivant :\u00a0<em>\u00ab L\u2019ancien pr\u00e9sident a d\u00e9clar\u00e9 lui-m\u00eame \u00eatre riche, or il r\u00e9sulte de la loi sur la lutte contre la corruption, et de la convention internationale traitant du m\u00eame sujet, qu\u2019il appartient au fonctionnaire public de rapporter les preuves de son enrichissement , c\u2019est sur lui que p\u00e8se la charge de cette preuve ; elle ne p\u00e8se ni sur le parquet , ni sur la partie civile \u00bb<\/em>\u00a0(Fin de citation).<\/p>\n<p>Cela veut dire dans un langage simple, et de mani\u00e8re crue, que ni le parquet ni la partie civile ne disposent de preuves mat\u00e9rielles, tangibles, pouvant accabler l\u2019ancien pr\u00e9sident dont ils attendent qu\u2019il s\u2019accuse et leur fournisse de la sorte les moyens de l\u2019inculper ; cela est significatif d\u2019une impuissance avou\u00e9e et d\u2019une volont\u00e9 de pervertir les faits, sans perdre de vue que le pr\u00e9sident de la r\u00e9publique ne saurait \u00eatre qualifi\u00e9 de fonctionnaire, les textes invoqu\u00e9s par le parquet et la partie civile, ne lui \u00e9tant donc pas applicables.<\/p>\n<p>Il faut ajouter \u00e0 ce qui vient d\u2019\u00eatre expos\u00e9, que les magistrats charg\u00e9s de l\u2019instruction ont eux-m\u00eames commis des fautes r\u00e9v\u00e9latrices de violations flagrantes de la loi, assimilables \u00e0 des fautes professionnelles gravissimes, comme lorsqu\u2019ils omettent par ignorance, n\u00e9gligence ou \u00e0 dessein, d\u2019appliquer le d\u00e9cret 17\/2017 fixant les modalit\u00e9s d\u2019organisation et de fonctionnement des p\u00f4les anti-corruption du parquet et de l\u2019instruction, comme lorsqu\u2019ils pervertissent les faits, comme lorsqu\u2019ils violent les dispositions pr\u00e9liminaires du code de proc\u00e9dure p\u00e9nale, ainsi que ses articles 173,174, 175, tous \u00e9dict\u00e9s \u00e0 titre imp\u00e9ratif, et devant \u00e0 ce titre, \u00eatre obligatoirement appliqu\u00e9s aussi bien par le parquet que par le p\u00f4le charg\u00e9 de l\u2019instruction.<\/p>\n<p>Il s&#8217;ensuit que l\u2019instruction entreprise depuis plus de deux ans, est nulle dans son enti\u00e8ret\u00e9, nulle de nullit\u00e9 absolue.<\/p>\n<p><strong>3)<\/strong>\u00a0L\u2019objectif recherch\u00e9 \u00e0 travers cette mise en sc\u00e8ne, est clame-t-on , la lutte contre la corruption ! Or, il r\u00e9sulte des trois derni\u00e8res ann\u00e9es que ce pr\u00e9texte n\u2019est ni plus ni moins qu\u2019un slogan vide, au vu de l\u2019ampleur qu\u2019ont connus pendant ces ann\u00e9es, la corruption et le d\u00e9tournement, ampleur jamais \u00e9gal\u00e9e, comme le rapporte les observateurs ; il s\u2019en suit que plus personne n\u2019accorde du cr\u00e9dit \u00e0 l\u2019accusation port\u00e9e \u00e0 cet effet contre de l\u2019ancien pr\u00e9sident de la r\u00e9publique, consid\u00e9r\u00e9e d\u00e9sormais comme une mise sc\u00e8ne, et des plus pi\u00e8tres de surcro\u00eet, y compris par ceux-l\u00e0 m\u00eames qui en sont les instigateurs.<\/p>\n<p><strong>4)<\/strong>\u00a0Tous les artifices proc\u00e9duraux les plus attentatoires \u00e0 la loi ont \u00e9t\u00e9 utilis\u00e9s dans ce dossier; en commen\u00e7ant par une mise sous contr\u00f4le judiciaire sans fondement juridique, puis une d\u00e9tention pr\u00e9ventive au r\u00e9gime identique \u00e0 celui d\u2019une s\u00e9questration, puis une prolongation de la mise sous contr\u00f4le judiciaire, au-del\u00e0 de la cl\u00f4ture de l\u2019instruction qui doit , au vu de la loi, y mettre fin ; c\u2019est pour contourner cette disposition pertinente du code de proc\u00e9dure p\u00e9nale que le parquet a fix\u00e9 arbitrairement la date d\u2019expiration de de la mise sous contr\u00f4le judiciaire au 7\/9\/2022, comme cela ressort de son communiqu\u00e9 du 10\/3\/2022. Cette date, nous y voil\u00e0 ! Le parquet est d\u00e9sormais au pied du mur, lui qui est \u00e0 l\u2019origine de l\u2019action mise en mouvement contre l\u2019ancien pr\u00e9sident de la r\u00e9publique, \u00e9galement \u00e0 l\u2019origine de sa mise sous contr\u00f4le judiciaire et de son incarc\u00e9ration, puis de sa mise \u00e0 nouveau sous contr\u00f4le judiciaire dont il a fix\u00e9 de mani\u00e8re abusive, l\u2019expiration au 7\/9\/2022.<\/p>\n<p>Enfin, le calvaire de l\u2019ancien pr\u00e9sident de la r\u00e9publique ne cessera que s\u2019il est jug\u00e9 publiquement, au vu donc d\u2019un proc\u00e8s public qui lui permettra de prouver \u00e0 la face du monde, son innocence de toutes les accusations politiques dont il fait l\u2019objet, et dont il d\u00e9montrera le caract\u00e8re fantaisiste et infond\u00e9e, sur la base de preuves s\u00e9rieuses, irr\u00e9futables, et convaincantes mettant \u00e0 nu la l\u00e9g\u00e8ret\u00e9 bl\u00e2mable et l\u2019inconsistance de l\u2019accusation.<\/p>\n<p>C\u2019est le lieu ici, d\u2019affirmer haut et fort que l\u2019ancien pr\u00e9sident de la r\u00e9publique proclame son droit fondamental , intangible et ind\u00e9rogeable \u00e0 un proc\u00e8s public, f\u00fbt-il d\u00e9pourvu de toute valeur probante.<\/p>\n<p>Le Collectif.<\/p>\n<p>Nouakchott le 4\/9\/202<\/p>\n","protected":false},"excerpt":{"rendered":"<p>\u00ab\u00a0L\u2019inculpation de l\u2019ancien pr\u00e9sident de la r\u00e9publique l\u2019a \u00e9t\u00e9 pour des raisons purement et proprement politiques\u00a0\u00bb a estim\u00e9 dans un communiqu\u00e9, qu\u2019il a rendu public, le collectif de d\u00e9fense de l\u2019ancien pr\u00e9sident de la R\u00e9publique, Mohamed Ould Abdelaziz. Le collectif dit, par ailleurs, avoir pens\u00e9 que son client devait \u00eatre \u00ab libre de ses mouvements &hellip;<\/p>\n","protected":false},"author":2,"featured_media":1755,"comment_status":"open","ping_status":"open","sticky":false,"template":"","format":"standard","meta":{"footnotes":""},"categories":[18],"tags":[],"class_list":["post-1753","post","type-post","status-publish","format-standard","has-post-thumbnail","hentry","category-actualites"],"_links":{"self":[{"href":"https:\/\/ladepeche.mr\/index.php?rest_route=\/wp\/v2\/posts\/1753","targetHints":{"allow":["GET"]}}],"collection":[{"href":"https:\/\/ladepeche.mr\/index.php?rest_route=\/wp\/v2\/posts"}],"about":[{"href":"https:\/\/ladepeche.mr\/index.php?rest_route=\/wp\/v2\/types\/post"}],"author":[{"embeddable":true,"href":"https:\/\/ladepeche.mr\/index.php?rest_route=\/wp\/v2\/users\/2"}],"replies":[{"embeddable":true,"href":"https:\/\/ladepeche.mr\/index.php?rest_route=%2Fwp%2Fv2%2Fcomments&post=1753"}],"version-history":[{"count":2,"href":"https:\/\/ladepeche.mr\/index.php?rest_route=\/wp\/v2\/posts\/1753\/revisions"}],"predecessor-version":[{"id":1757,"href":"https:\/\/ladepeche.mr\/index.php?rest_route=\/wp\/v2\/posts\/1753\/revisions\/1757"}],"wp:featuredmedia":[{"embeddable":true,"href":"https:\/\/ladepeche.mr\/index.php?rest_route=\/wp\/v2\/media\/1755"}],"wp:attachment":[{"href":"https:\/\/ladepeche.mr\/index.php?rest_route=%2Fwp%2Fv2%2Fmedia&parent=1753"}],"wp:term":[{"taxonomy":"category","embeddable":true,"href":"https:\/\/ladepeche.mr\/index.php?rest_route=%2Fwp%2Fv2%2Fcategories&post=1753"},{"taxonomy":"post_tag","embeddable":true,"href":"https:\/\/ladepeche.mr\/index.php?rest_route=%2Fwp%2Fv2%2Ftags&post=1753"}],"curies":[{"name":"wp","href":"https:\/\/api.w.org\/{rel}","templated":true}]}}