{"id":17533,"date":"2025-08-14T20:02:23","date_gmt":"2025-08-14T20:02:23","guid":{"rendered":"https:\/\/ladepeche.mr\/?p=17533"},"modified":"2025-08-14T20:02:23","modified_gmt":"2025-08-14T20:02:23","slug":"seyidna-ali-ould-mohamed-khouna-transfere-a-la-prison-de-riyad","status":"publish","type":"post","link":"https:\/\/ladepeche.mr\/?p=17533","title":{"rendered":"Seyidna Ali Ould Mohamed Khouna transf\u00e9r\u00e9 \u00e0 la prison de Riyad"},"content":{"rendered":"<p>L\u2019ancien ministre Seyidna Ali Ould Mohamed Khouna, pr\u00e9sident du parti Al Ahd (non reconnu officiellement), a \u00e9t\u00e9 transf\u00e9r\u00e9 ce mercredi \u00e0 la prison civile de Riyad, dans la capitale, sur d\u00e9cision de la justice mauritanienne.<\/p>\n<p>Selon des sources concordantes, l\u2019opposant a \u00e9t\u00e9 interpell\u00e9 par la police dans une zone rurale de la wilaya du Hodh Ech Chargui, avant d\u2019\u00eatre conduit \u00e0 Nouakchott. La justice lui reproche d\u2019avoir quitt\u00e9 la capitale alors qu\u2019il faisait l\u2019objet d\u2019un contr\u00f4le judiciaire. Ce dernier avait \u00e9t\u00e9 impos\u00e9 \u00e0 la suite de d\u00e9clarations controvers\u00e9es sur un suppos\u00e9 empi\u00e9tement du Mali sur des terres mauritaniennes.<\/p>\n<p>Cependant, la d\u00e9fense de Seyidna Ali affirme que la mesure de contr\u00f4le judiciaire avait expir\u00e9 depuis plusieurs semaines et n\u2019avait pas \u00e9t\u00e9 renouvel\u00e9e par le juge en charge du dossier, ce qui, selon elle, rendait tout \u00e0 fait l\u00e9gale sa libert\u00e9 de mouvement.<\/p>\n<p>L\u2019affaire intervient dans un contexte politique tendu. Seyidna Ali Ould Mohamed Khouna, figure de l\u2019opposition, multiplie depuis plusieurs mois les critiques virulentes \u00e0 l\u2019encontre du r\u00e9gime du pr\u00e9sident Mohamed Ould Cheikh El Ghazouani, qu\u2019il accuse de \u00ab faillite, d\u2019autoritarisme et de restriction des libert\u00e9s \u00bb. Des accusations qu\u2019il r\u00e9p\u00e8te r\u00e9guli\u00e8rement lors de ses prises de parole dans les m\u00e9dias.<\/p>\n<p>L\u2019incarc\u00e9ration de l\u2019opposant pourrait raviver les tensions entre le pouvoir et certaines figures de l\u2019opposition, dans un climat politique d\u00e9j\u00e0 marqu\u00e9 par les restrictions autour de la reconnaissance officielle de nouveaux partis.<\/p>\n<p>SHEMS MAARIF<\/p>\n","protected":false},"excerpt":{"rendered":"<p>L\u2019ancien ministre Seyidna Ali Ould Mohamed Khouna, pr\u00e9sident du parti Al Ahd (non reconnu officiellement), a \u00e9t\u00e9 transf\u00e9r\u00e9 ce mercredi \u00e0 la prison civile de Riyad, dans la capitale, sur d\u00e9cision de la justice mauritanienne. Selon des sources concordantes, l\u2019opposant a \u00e9t\u00e9 interpell\u00e9 par la police dans une zone rurale de la wilaya du Hodh &hellip;<\/p>\n","protected":false},"author":2,"featured_media":17534,"comment_status":"open","ping_status":"open","sticky":false,"template":"","format":"standard","meta":{"footnotes":""},"categories":[18,31],"tags":[],"class_list":["post-17533","post","type-post","status-publish","format-standard","has-post-thumbnail","hentry","category-actualites","category-politique-et-reportages"],"_links":{"self":[{"href":"https:\/\/ladepeche.mr\/index.php?rest_route=\/wp\/v2\/posts\/17533","targetHints":{"allow":["GET"]}}],"collection":[{"href":"https:\/\/ladepeche.mr\/index.php?rest_route=\/wp\/v2\/posts"}],"about":[{"href":"https:\/\/ladepeche.mr\/index.php?rest_route=\/wp\/v2\/types\/post"}],"author":[{"embeddable":true,"href":"https:\/\/ladepeche.mr\/index.php?rest_route=\/wp\/v2\/users\/2"}],"replies":[{"embeddable":true,"href":"https:\/\/ladepeche.mr\/index.php?rest_route=%2Fwp%2Fv2%2Fcomments&post=17533"}],"version-history":[{"count":1,"href":"https:\/\/ladepeche.mr\/index.php?rest_route=\/wp\/v2\/posts\/17533\/revisions"}],"predecessor-version":[{"id":17535,"href":"https:\/\/ladepeche.mr\/index.php?rest_route=\/wp\/v2\/posts\/17533\/revisions\/17535"}],"wp:featuredmedia":[{"embeddable":true,"href":"https:\/\/ladepeche.mr\/index.php?rest_route=\/wp\/v2\/media\/17534"}],"wp:attachment":[{"href":"https:\/\/ladepeche.mr\/index.php?rest_route=%2Fwp%2Fv2%2Fmedia&parent=17533"}],"wp:term":[{"taxonomy":"category","embeddable":true,"href":"https:\/\/ladepeche.mr\/index.php?rest_route=%2Fwp%2Fv2%2Fcategories&post=17533"},{"taxonomy":"post_tag","embeddable":true,"href":"https:\/\/ladepeche.mr\/index.php?rest_route=%2Fwp%2Fv2%2Ftags&post=17533"}],"curies":[{"name":"wp","href":"https:\/\/api.w.org\/{rel}","templated":true}]}}