{"id":17536,"date":"2025-08-14T20:30:38","date_gmt":"2025-08-14T20:30:38","guid":{"rendered":"https:\/\/ladepeche.mr\/?p=17536"},"modified":"2025-08-14T20:07:58","modified_gmt":"2025-08-14T20:07:58","slug":"lallemagne-bloque-larrivee-de-refugies-africains-admis-a-la-reinstallation","status":"publish","type":"post","link":"https:\/\/ladepeche.mr\/?p=17536","title":{"rendered":"L&#8217;Allemagne bloque l&#8217;arriv\u00e9e de r\u00e9fugi\u00e9s africains admis \u00e0 la &#8220;r\u00e9installation&#8221;"},"content":{"rendered":"<p data-t=\"{&quot;n&quot;:&quot;blueLinks&quot;,&quot;t&quot;:13,&quot;a&quot;:&quot;click&quot;,&quot;b&quot;:76}\"><strong>Au c\u0153ur du blocus, le programme de lutte contre l&#8217;immigration men\u00e9 par le parti du centre-droit.<\/strong><\/p>\n<div class=\"article-image-slot image-slot-placeholder\" data-doc-id=\"cms\/api\/amp\/image\/AA1KjyKh\">\n<div class=\"article-image-slot\">\n<div class=\"article-image-container polished\" data-t=\"{&quot;n&quot;:&quot;OpenModal&quot;,&quot;t&quot;:13,&quot;b&quot;:8,&quot;c.i&quot;:&quot;AA1KjPyz&quot;,&quot;c.l&quot;:false,&quot;c.t&quot;:13,&quot;c.v&quot;:&quot;news&quot;,&quot;c.c&quot;:&quot;others&quot;,&quot;c.b&quot;:&quot;Euronews (Fran\u00e7ais)&quot;,&quot;c.bi&quot;:&quot;AA2qy7x&quot;,&quot;c.tv&quot;:&quot;politics&quot;,&quot;c.tc&quot;:&quot;government&quot;,&quot;c.hl&quot;:&quot;L'Allemagne bloque l'arriv\u00e9e de r\u00e9fugi\u00e9s africains admis \u00e0 la \\&quot;r\u00e9installation\\&quot;&quot;}\" data-test-id=\"AA1KjyKh\">\n<p data-t=\"{&quot;n&quot;:&quot;blueLinks&quot;,&quot;t&quot;:13,&quot;a&quot;:&quot;click&quot;,&quot;b&quot;:76}\"><strong>L&#8217;Allemagne a mis fin \u00e0 sa participation au\u00a0programme des Nations unies visant \u00e0 r\u00e9installer les r\u00e9fugi\u00e9s, depuis l\u2019arriv\u00e9e\u00a0du parti du centre-droit au pouvoir.<\/strong><\/p>\n<p data-t=\"{&quot;n&quot;:&quot;blueLinks&quot;,&quot;t&quot;:13,&quot;a&quot;:&quot;click&quot;,&quot;b&quot;:76}\">Chaste Zamukunda r\u00e9fugi\u00e9e originaire de la RDC regarde une vid\u00e9o prise \u00e0 l&#8217;embarquement de son vol pour quitter un camp de r\u00e9fugi\u00e9s au Kenya.<\/p>\n<p data-t=\"{&quot;n&quot;:&quot;blueLinks&quot;,&quot;t&quot;:13,&quot;a&quot;:&quot;click&quot;,&quot;b&quot;:76}\">Elle a fui la guerre dans son pays et a \u00e9t\u00e9 r\u00e9install\u00e9e en Allemagne. Chaste ne foulera pas le sol allemand, la faute au changement de r\u00e9gime \u00e0 Berlin. Elle ne cache pas sa d\u00e9ception.<\/p>\n<p class=\"continue-read-break\" data-t=\"{&quot;n&quot;:&quot;blueLinks&quot;,&quot;t&quot;:13,&quot;a&quot;:&quot;click&quot;,&quot;b&quot;:76}\">&#8221; Nous avions l&#8217;impression d&#8217;avoir \u00e9t\u00e9 sauv\u00e9s. Nous sommes all\u00e9s \u00e0 Nairobi et avons \u00e9t\u00e9 h\u00e9berg\u00e9s dans un endroit agr\u00e9able. Nous mangions bien, nous dormions bien. Puis la mauvaise nouvelle est tomb\u00e9e : l&#8217;Allemagne nous a rejet\u00e9s, nous ne partirons pas.&#8221;, raconte Chaste Zamukunda.<\/p>\n<p data-t=\"{&quot;n&quot;:&quot;blueLinks&quot;,&quot;t&quot;:13,&quot;a&quot;:&quot;click&quot;,&quot;b&quot;:76}\">Denis Kumer, r\u00e9fugi\u00e9 Sud-Soudanais faisait aussi partie du voyage. Il a finalement regagn\u00e9 le plus grand camp de r\u00e9fugi\u00e9s du Kenya. Un \u00e9chec apr\u00e8s des ann\u00e9es d\u2019attentes et de d\u00e9marches administratives laborieuses.<\/p>\n<p data-t=\"{&quot;n&quot;:&quot;blueLinks&quot;,&quot;t&quot;:13,&quot;a&quot;:&quot;click&quot;,&quot;b&quot;:76}\">&#8221; Ils nous ont dit qu&#8217;il y avait des \u00e9lections en Allemagne, que nous allions interrompre notre voyage. En fait, ce n&#8217;\u00e9tait pas une bonne journ\u00e9e pour nous tous. Tout le monde \u00e9tait malade. Les personnes souffrant d&#8217;hypertension ont vu leur tension monter en fl\u00e8che. M\u00eame la nourriture a \u00e9t\u00e9 laiss\u00e9e de c\u00f4t\u00e9. Personne ne pouvait manger.&#8221;, raconte-t-il.<\/p>\n<p data-t=\"{&quot;n&quot;:&quot;blueLinks&quot;,&quot;t&quot;:13,&quot;a&quot;:&quot;click&quot;,&quot;b&quot;:76}\">Selon le HCR, 183 r\u00e9fugi\u00e9s ont \u00e9t\u00e9 rapatri\u00e9s par avion de Nairobi vers les camps en avril. L&#8217;Allemagne avait initialement promis d&#8217;accueillir 13 000 r\u00e9fugi\u00e9s au cours des ann\u00e9es 2024 et 2025.<\/p>\n<p data-t=\"{&quot;n&quot;:&quot;blueLinks&quot;,&quot;t&quot;:13,&quot;a&quot;:&quot;click&quot;,&quot;b&quot;:76}\">&#8221; Nous sommes en fait confront\u00e9s \u00e0 de nombreuses personnes qui ont des autorisations l\u00e9gales pour se rendre en Allemagne, et le nouveau gouvernement allemand a non seulement ferm\u00e9 les yeux sur leur situation individuelle, mais il ferme \u00e9galement les yeux sur la loi.&#8221;, explique Mathias Lehnert, avocat sp\u00e9cialis\u00e9 en droit de l&#8217;immigration.<\/p>\n<p data-t=\"{&quot;n&quot;:&quot;blueLinks&quot;,&quot;t&quot;:13,&quot;a&quot;:&quot;click&quot;,&quot;b&quot;:76}\">Les r\u00e9fugi\u00e9s r\u00eavaient d&#8217;un avenir meilleur pour leurs enfants. Nombreux gardent encore espoir. Les valises sont toujours pr\u00eates.<\/p>\n<p data-t=\"{&quot;n&quot;:&quot;blueLinks&quot;,&quot;t&quot;:13,&quot;a&quot;:&quot;click&quot;,&quot;b&quot;:76}\"><a href=\"https:\/\/www.msn.com\/fr-xl\/politique\/gouvernement\/l-allemagne-bloque-l-arriv%C3%A9e-de-r%C3%A9fugi%C3%A9s-africains-admis-%C3%A0-la-r%C3%A9installation\/ar-AA1KjPyz?ocid=msedgntp&amp;pc=U531&amp;cvid=689e3b6f86834e8693cab3a069916418&amp;ei=15\">L&#8217;Allemagne bloque l&#8217;arriv\u00e9e de r\u00e9fugi\u00e9s africains admis \u00e0 la &#8220;r\u00e9installation&#8221;<\/a><\/p>\n<\/div>\n<\/div>\n<\/div>\n","protected":false},"excerpt":{"rendered":"<p>Au c\u0153ur du blocus, le programme de lutte contre l&#8217;immigration men\u00e9 par le parti du centre-droit. L&#8217;Allemagne a mis fin \u00e0 sa participation au\u00a0programme des Nations unies visant \u00e0 r\u00e9installer les r\u00e9fugi\u00e9s, depuis l\u2019arriv\u00e9e\u00a0du parti du centre-droit au pouvoir. Chaste Zamukunda r\u00e9fugi\u00e9e originaire de la RDC regarde une vid\u00e9o prise \u00e0 l&#8217;embarquement de son vol &hellip;<\/p>\n","protected":false},"author":2,"featured_media":17537,"comment_status":"open","ping_status":"open","sticky":false,"template":"","format":"standard","meta":{"footnotes":""},"categories":[18,29],"tags":[],"class_list":["post-17536","post","type-post","status-publish","format-standard","has-post-thumbnail","hentry","category-actualites","category-monde"],"_links":{"self":[{"href":"https:\/\/ladepeche.mr\/index.php?rest_route=\/wp\/v2\/posts\/17536","targetHints":{"allow":["GET"]}}],"collection":[{"href":"https:\/\/ladepeche.mr\/index.php?rest_route=\/wp\/v2\/posts"}],"about":[{"href":"https:\/\/ladepeche.mr\/index.php?rest_route=\/wp\/v2\/types\/post"}],"author":[{"embeddable":true,"href":"https:\/\/ladepeche.mr\/index.php?rest_route=\/wp\/v2\/users\/2"}],"replies":[{"embeddable":true,"href":"https:\/\/ladepeche.mr\/index.php?rest_route=%2Fwp%2Fv2%2Fcomments&post=17536"}],"version-history":[{"count":1,"href":"https:\/\/ladepeche.mr\/index.php?rest_route=\/wp\/v2\/posts\/17536\/revisions"}],"predecessor-version":[{"id":17538,"href":"https:\/\/ladepeche.mr\/index.php?rest_route=\/wp\/v2\/posts\/17536\/revisions\/17538"}],"wp:featuredmedia":[{"embeddable":true,"href":"https:\/\/ladepeche.mr\/index.php?rest_route=\/wp\/v2\/media\/17537"}],"wp:attachment":[{"href":"https:\/\/ladepeche.mr\/index.php?rest_route=%2Fwp%2Fv2%2Fmedia&parent=17536"}],"wp:term":[{"taxonomy":"category","embeddable":true,"href":"https:\/\/ladepeche.mr\/index.php?rest_route=%2Fwp%2Fv2%2Fcategories&post=17536"},{"taxonomy":"post_tag","embeddable":true,"href":"https:\/\/ladepeche.mr\/index.php?rest_route=%2Fwp%2Fv2%2Ftags&post=17536"}],"curies":[{"name":"wp","href":"https:\/\/api.w.org\/{rel}","templated":true}]}}