{"id":17543,"date":"2025-08-15T11:34:13","date_gmt":"2025-08-15T11:34:13","guid":{"rendered":"https:\/\/ladepeche.mr\/?p=17543"},"modified":"2025-08-15T11:34:13","modified_gmt":"2025-08-15T11:34:13","slug":"mauritanie-allemagne-le-mef-sentretient-avec-lambassadeur-dallemagne-sur-les-perspectives-de-cooperation-bilaterale","status":"publish","type":"post","link":"https:\/\/ladepeche.mr\/?p=17543","title":{"rendered":"Mauritanie-Allemagne: Le MEF  s\u2019entretient avec l\u2019ambassadeur d\u2019Allemagne sur les perspectives de coop\u00e9ration bilat\u00e9rale"},"content":{"rendered":"<p>Son Excellence le ministre de l\u2019\u00c9conomie et des Finances, M. Sid\u2019Ahmed Ould Bouh, a re\u00e7u, jeudi matin, dans son bureau \u00e0 Nouakchott, l\u2019ambassadeur de la R\u00e9publique f\u00e9d\u00e9rale d\u2019Allemagne accr\u00e9dit\u00e9 aupr\u00e8s de notre pays, M. Florian Rendell.<\/p>\n<p>La rencontre a permis de passer en revue l&#8217;\u00e9tat des relations de coop\u00e9ration entre la Mauritanie et l\u2019Allemagne, et d&#8217;examiner les moyens de leur consolidation dans l&#8217;int\u00e9r\u00eat commun des deux pays, en particulier dans les domaines \u00e9conomique, financier et du d\u00e9veloppement. Les discussions ont \u00e9galement abord\u00e9 les opportunit\u00e9s d\u2019\u00e9largir le partenariat et de soutenir les projets de d\u00e9veloppement prioritaires.<\/p>\n<p>La rencontre s\u2019est d\u00e9roul\u00e9e en pr\u00e9sence du directeur g\u00e9n\u00e9ral des Financements et de la Coop\u00e9ration \u00e9conomique au minist\u00e8re de l\u2019\u00c9conomie et des Finances, M. Mohamed Salem Ould Nany, et du conseiller politique \u00e0 l\u2019ambassade d\u2019Allemagne \u00e0 Nouakchott, M. Lars Dobert.<\/p>\n","protected":false},"excerpt":{"rendered":"<p>Son Excellence le ministre de l\u2019\u00c9conomie et des Finances, M. Sid\u2019Ahmed Ould Bouh, a re\u00e7u, jeudi matin, dans son bureau \u00e0 Nouakchott, l\u2019ambassadeur de la R\u00e9publique f\u00e9d\u00e9rale d\u2019Allemagne accr\u00e9dit\u00e9 aupr\u00e8s de notre pays, M. Florian Rendell. La rencontre a permis de passer en revue l&#8217;\u00e9tat des relations de coop\u00e9ration entre la Mauritanie et l\u2019Allemagne, et &hellip;<\/p>\n","protected":false},"author":2,"featured_media":17544,"comment_status":"open","ping_status":"open","sticky":false,"template":"","format":"standard","meta":{"footnotes":""},"categories":[18,2],"tags":[],"class_list":["post-17543","post","type-post","status-publish","format-standard","has-post-thumbnail","hentry","category-actualites","category-economie"],"_links":{"self":[{"href":"https:\/\/ladepeche.mr\/index.php?rest_route=\/wp\/v2\/posts\/17543","targetHints":{"allow":["GET"]}}],"collection":[{"href":"https:\/\/ladepeche.mr\/index.php?rest_route=\/wp\/v2\/posts"}],"about":[{"href":"https:\/\/ladepeche.mr\/index.php?rest_route=\/wp\/v2\/types\/post"}],"author":[{"embeddable":true,"href":"https:\/\/ladepeche.mr\/index.php?rest_route=\/wp\/v2\/users\/2"}],"replies":[{"embeddable":true,"href":"https:\/\/ladepeche.mr\/index.php?rest_route=%2Fwp%2Fv2%2Fcomments&post=17543"}],"version-history":[{"count":1,"href":"https:\/\/ladepeche.mr\/index.php?rest_route=\/wp\/v2\/posts\/17543\/revisions"}],"predecessor-version":[{"id":17545,"href":"https:\/\/ladepeche.mr\/index.php?rest_route=\/wp\/v2\/posts\/17543\/revisions\/17545"}],"wp:featuredmedia":[{"embeddable":true,"href":"https:\/\/ladepeche.mr\/index.php?rest_route=\/wp\/v2\/media\/17544"}],"wp:attachment":[{"href":"https:\/\/ladepeche.mr\/index.php?rest_route=%2Fwp%2Fv2%2Fmedia&parent=17543"}],"wp:term":[{"taxonomy":"category","embeddable":true,"href":"https:\/\/ladepeche.mr\/index.php?rest_route=%2Fwp%2Fv2%2Fcategories&post=17543"},{"taxonomy":"post_tag","embeddable":true,"href":"https:\/\/ladepeche.mr\/index.php?rest_route=%2Fwp%2Fv2%2Ftags&post=17543"}],"curies":[{"name":"wp","href":"https:\/\/api.w.org\/{rel}","templated":true}]}}