{"id":17546,"date":"2025-08-15T11:44:50","date_gmt":"2025-08-15T11:44:50","guid":{"rendered":"https:\/\/ladepeche.mr\/?p=17546"},"modified":"2025-08-15T11:44:50","modified_gmt":"2025-08-15T11:44:50","slug":"mali-accuse-despionnage-un-francais-arrete-par-la-junte-militaire","status":"publish","type":"post","link":"https:\/\/ladepeche.mr\/?p=17546","title":{"rendered":"Mali : accus\u00e9 d&#8217;espionnage, un Fran\u00e7ais arr\u00eat\u00e9 par la junte militaire"},"content":{"rendered":"<h2 class=\"article__lead chapo title_gamma\"><span class=\"chapo__subhead \">Afrique.\u00a0<\/span>Une cinquantaine de militaires dont deux g\u00e9n\u00e9raux, accus\u00e9s de vouloir renverser les autorit\u00e9s en place, ont \u00e9t\u00e9 arr\u00eat\u00e9s ces derniers jours par la junte.<\/h2>\n<p>Dans son communiqu\u00e9, la junte a annonc\u00e9 &#8220;l\u2019arrestation d\u2019un groupuscule d\u2019\u00e9l\u00e9ments marginaux des forces arm\u00e9es de s\u00e9curit\u00e9 maliennes&#8221;, qui cherchait selon elle \u00e0 &#8220;d\u00e9stabiliser les institutions de la R\u00e9publique&#8221;. &#8220;Ces militaires et des civils&#8221; auraient obtenu &#8220;l\u2019aide d\u2019Etats \u00e9trangers&#8221;, accuse le gouvernement malien.<\/p>\n<p>Un ressortissant fran\u00e7ais a \u00e9t\u00e9 arr\u00eat\u00e9, soup\u00e7onn\u00e9 de travailler &#8220;pour le compte des services de renseignement fran\u00e7ais&#8221;, selon la junte malienne. Par ailleurs, au moins 55 militaires auraient \u00e9t\u00e9 arr\u00eat\u00e9s, selon des sources s\u00e9curitaires consult\u00e9es par l\u2019AFP. &#8220;Les enqu\u00eates judiciaires se poursuivent pour identifier d\u2019\u00e9ventuels complices&#8221;, indique le gouvernement.<\/p>\n<p>Hauts grad\u00e9s arr\u00eat\u00e9s<br \/>\nLa junte a confirm\u00e9 l\u2019arrestation de deux g\u00e9n\u00e9raux, Abass Demb\u00e9l\u00e9 et Nema Sagara. Le g\u00e9n\u00e9ral Abass Demb\u00e9l\u00e9 est une figure tr\u00e8s respect\u00e9e au sein de l\u2019arm\u00e9e. Cet ancien gouverneur de la r\u00e9gion de Mopti (centre) a r\u00e9cemment \u00e9t\u00e9 d\u00e9mis de cette fonction par la junte.<\/p>\n<p>Les arrestations ont \u00e9t\u00e9 men\u00e9es principalement au sein de la garde nationale, un corps de l\u2019arm\u00e9e malienne, a appris l\u2019AFP de sources s\u00e9curitaires. C\u2019est notoirement le corps d\u2019origine du ministre de la D\u00e9fense, le g\u00e9n\u00e9ral Sadio Camara, une des principales figures de la junte. Plusieurs observateurs ont relev\u00e9 que certaines des personnes arr\u00eat\u00e9es par les autorit\u00e9s sont des proches de Sadio Camara, mais celui-ci n\u2019a pas \u00e9t\u00e9 inqui\u00e9t\u00e9 \u00e0 ce jour.<\/p>\n<p>Il y a deux jours, l\u2019ancien Premier ministre civil du Mali, Choguel Kokalla Ma\u00efga, et plusieurs de ses anciens collaborateurs, ont \u00e9t\u00e9 plac\u00e9s en garde \u00e0 vue par le p\u00f4le \u00e9conomique et financier dans &#8220;le cadre des enqu\u00eates sur leur gestion \u00e0 la Primature&#8221;. Cet ancien poids lourd de la junte avait \u00e9t\u00e9 nomm\u00e9 Premier ministre en 2021, avant d\u2019\u00eatre limog\u00e9 fin 2024 apr\u00e8s avoir \u00e9mis des critiques contre celle-ci. Il avait notamment d\u00e9plor\u00e9 avoir \u00e9t\u00e9 tenu \u00e0 l\u2019\u00e9cart des d\u00e9cisions sur le maintien aux commandes des g\u00e9n\u00e9raux qui avaient initialement promis de rendre le pouvoir \u00e0 des civils \u00e9lus en mars 2024. Aucun lien n\u2019a \u00e9t\u00e9 fait entre son arrestation et celles des militaires accus\u00e9s de vouloir renverser le pouvoir.<\/p>\n<p>Depuis 2012, ce pays sah\u00e9lien fait face \u00e0 une profonde crise s\u00e9curitaire nourrie notamment par les violences de groupes affili\u00e9s \u00e0 Al-Qa\u00efda et \u00e0 l\u2019organisation Etat islamique (EI), ainsi que de groupes criminels communautaires. Elle s\u2019ajoute \u00e0 une grave crise \u00e9conomique. La junte, dirig\u00e9e par le pr\u00e9sident Assimi Go\u00efta, s\u2019est d\u00e9tourn\u00e9e des partenaires occidentaux, notamment l\u2019ancien colonisateur fran\u00e7ais, pour se tourner politiquement et militairement vers la Russie. L\u2019arm\u00e9e malienne et ses alli\u00e9s, les mercenaires russes d\u2019Africa Corps, charg\u00e9s notamment de traquer les jihadistes, sont r\u00e9guli\u00e8rement accus\u00e9s de commettre des exactions contre des civils.<\/p>\n<p><a href=\"https:\/\/www.lexpress.fr\/monde\/afrique\/mali-accuse-despionnage-un-francais-arrete-par-la-junte-militaire-QHQFKOVIKFEAHEM7C6YG6PODSQ\/\">Mali : accus\u00e9 d&#8217;espionnage, un Fran\u00e7ais arr\u00eat\u00e9 par la junte militaire \u2013 L&#8217;Express<\/a><\/p>\n<p>Photo web<\/p>\n","protected":false},"excerpt":{"rendered":"<p>Afrique.\u00a0Une cinquantaine de militaires dont deux g\u00e9n\u00e9raux, accus\u00e9s de vouloir renverser les autorit\u00e9s en place, ont \u00e9t\u00e9 arr\u00eat\u00e9s ces derniers jours par la junte. Dans son communiqu\u00e9, la junte a annonc\u00e9 &#8220;l\u2019arrestation d\u2019un groupuscule d\u2019\u00e9l\u00e9ments marginaux des forces arm\u00e9es de s\u00e9curit\u00e9 maliennes&#8221;, qui cherchait selon elle \u00e0 &#8220;d\u00e9stabiliser les institutions de la R\u00e9publique&#8221;. &#8220;Ces militaires &hellip;<\/p>\n","protected":false},"author":2,"featured_media":17547,"comment_status":"open","ping_status":"open","sticky":false,"template":"","format":"standard","meta":{"footnotes":""},"categories":[18,29],"tags":[],"class_list":["post-17546","post","type-post","status-publish","format-standard","has-post-thumbnail","hentry","category-actualites","category-monde"],"_links":{"self":[{"href":"https:\/\/ladepeche.mr\/index.php?rest_route=\/wp\/v2\/posts\/17546","targetHints":{"allow":["GET"]}}],"collection":[{"href":"https:\/\/ladepeche.mr\/index.php?rest_route=\/wp\/v2\/posts"}],"about":[{"href":"https:\/\/ladepeche.mr\/index.php?rest_route=\/wp\/v2\/types\/post"}],"author":[{"embeddable":true,"href":"https:\/\/ladepeche.mr\/index.php?rest_route=\/wp\/v2\/users\/2"}],"replies":[{"embeddable":true,"href":"https:\/\/ladepeche.mr\/index.php?rest_route=%2Fwp%2Fv2%2Fcomments&post=17546"}],"version-history":[{"count":1,"href":"https:\/\/ladepeche.mr\/index.php?rest_route=\/wp\/v2\/posts\/17546\/revisions"}],"predecessor-version":[{"id":17548,"href":"https:\/\/ladepeche.mr\/index.php?rest_route=\/wp\/v2\/posts\/17546\/revisions\/17548"}],"wp:featuredmedia":[{"embeddable":true,"href":"https:\/\/ladepeche.mr\/index.php?rest_route=\/wp\/v2\/media\/17547"}],"wp:attachment":[{"href":"https:\/\/ladepeche.mr\/index.php?rest_route=%2Fwp%2Fv2%2Fmedia&parent=17546"}],"wp:term":[{"taxonomy":"category","embeddable":true,"href":"https:\/\/ladepeche.mr\/index.php?rest_route=%2Fwp%2Fv2%2Fcategories&post=17546"},{"taxonomy":"post_tag","embeddable":true,"href":"https:\/\/ladepeche.mr\/index.php?rest_route=%2Fwp%2Fv2%2Ftags&post=17546"}],"curies":[{"name":"wp","href":"https:\/\/api.w.org\/{rel}","templated":true}]}}