{"id":17549,"date":"2025-08-15T11:51:01","date_gmt":"2025-08-15T11:51:01","guid":{"rendered":"https:\/\/ladepeche.mr\/?p=17549"},"modified":"2025-08-15T11:52:29","modified_gmt":"2025-08-15T11:52:29","slug":"quand-le-rasage-des-cheveux-de-la-tete-devient-une-peine-recul-des-droits-humains-au-pays-de-terre-des-hommes","status":"publish","type":"post","link":"https:\/\/ladepeche.mr\/?p=17549","title":{"rendered":"Quand le rasage des cheveux de la t\u00eate devient une peine: recul des droits humains au pays de Terre des Hommes"},"content":{"rendered":"<p>Ce n\u2019est pas parce que le jeune lanceur d\u2019alerte ALY OULD BEKKAR est un oncle que j\u2019\u00e9cris ces lignes pour d\u00e9noncer les traitements infamants et d\u00e9gradants qu\u2019il a injustement subis ;c\u2019est surtout parce que c\u2019est un jeune parmi des milliers qui croient en leur pays et en ses immenses ressources humaines et potentialit\u00e9s naturelles de nature \u00e0 en faire un pays vraiment \u00e9mergent.\u2026<br \/>\nCe qu\u2019a subi donc ce jeune n\u2019est pas une simple violation individuelle de ses droits , mais bien un sympt\u00f4me r\u00e9v\u00e9lateur d\u2019une culture autoritaire , fond\u00e9e sur la r\u00e9pression des opinions et la primaut\u00e9 de la coercition sur l\u2019\u00c9tat de droit.<br \/>\nVoici un bref aper\u00e7u sur cet incident \u00e0 travers ses dimensions juridique, politique ,sociale et symbolique, avec des d\u00e9veloppements simples et \u00e9vidents pour d\u00e9noncer fermement cet acte.<br \/>\n1. Dimension juridique :<br \/>\n\u2013 Des violations graves des droits fondamentaux<br \/>\nAucune base l\u00e9gale pour l\u2019emprisonnement : -Le droit mauritanien ne criminalise pas la diffusion de \u00ab d\u2019informations erron\u00e9es \u00bb en dehors des cas de diffamation ou de d\u00e9nonciation calomnieuse \u00e0 moins que l\u2019\u00c9tat ne prouve un r\u00e9el danger pour la s\u00e9curit\u00e9 publique, ce qui n\u2019a pas \u00e9t\u00e9 fait jusqu\u2019ici.ici.<br \/>\n\u2014Le Rasage forc\u00e9 des cheveux de la t\u00eate:<br \/>\n&#8211; Enfreint l\u2019article 7 du Pacte international relatif aux droits civils et politiques interdisant les traitements cruels ou d\u00e9gradants;<br \/>\nConstitue une forme de torture symbolique visant \u00e0 humilier, non \u00e0 rendre justice.<br \/>\n&#8211; Rappelle les pratiques des r\u00e9gimes totalitaires et s\u2019apparente \u00e0 une punition sociale informelle<br \/>\ninacceptable dans un \u00c9tat de droit.<br \/>\n2. Dimension politique :<br \/>\n3. \u2060\u2013 L\u2019ancrage d\u2019un \u00c9tat policier :<br \/>\n4. \u2060L\u2019Usage de la police judiciaire militaire pour punir un citoyen civil :<br \/>\nCela montre une militarisation de la vie civile et un empi\u00e8tement grave et solennel sur le pouvoir judiciaire.<br \/>\n\u2014Silence institutionnel :<br \/>\nLe minist\u00e8re concern\u00e9 n\u2019a pas jug\u00e9 utile de publier de communiqu\u00e9 officiel sur les informations du lanceur d\u2019alerte L\u2019unique r\u00e9ponse a \u00e9t\u00e9 la force brutale, en lieu et place d\u2019un d\u00e9menti sous forme et fond de style d\u00e9mocratique.<br \/>\n\u2014Strat\u00e9gie de terreur:<br \/>\nL\u2019objectif semble \u00eatre d\u2019intimider tous les activistes et blogueurs : qui critique, sera maltrait\u00e9 et humili\u00e9 .<br \/>\n4.Dimension symbolique:<br \/>\n\u2013 Une atteinte \u00e0 la citoyennet\u00e9 :<br \/>\n\u2014Humiliation publique : Le rasage forc\u00e9 des cheveux de la t\u00eate n\u2019est pas une mesure disciplinaire, mais un acte de domination physique et psychologique, destin\u00e9 \u00e0 briser la dignit\u00e9 de la personne;c\u2019est un pr\u00e9c\u00e9dent horrible.<br \/>\n\u2014Atteinte au principe d\u2019\u00e9galit\u00e9 entre citoyens :<br \/>\nQuand les auteurs de critiques de l\u2019action publique sont trait\u00e9s comme des ennemis, c\u2019est toute la notion de citoyennet\u00e9 \u00e9quitable qui vacille et s\u2019effondre.<br \/>\n\u2014Promotion de la r\u00e9pression au lieu du dialogue:<br \/>\nL\u2019incapacit\u00e9 \u00e0 tol\u00e9rer la critique renforce la fracture entre l\u2019ETAT et la soci\u00e9t\u00e9 civile, sapant les bases de la paix et la stabilit\u00e9 sociales .<br \/>\n\u2014Atteinte \u00e0 l\u2019image du pays:<br \/>\nCes actes donnent au pays une image n\u00e9gative sur le plan international et affaiblissent sa cr\u00e9dibilit\u00e9 en mati\u00e8re de respect des droits humains.<br \/>\nEnfin,le pouvoir judiciaire qui est le gardien des libert\u00e9s individuelles et collectives doit prendre ses responsabilit\u00e9s et faire respecter strictement les droits li\u00e9s au respect des droits fondamentaux de la personne humaine.<\/p>\n<p>Nouakchott le 14 AO\u00dbT 2025<\/p>\n<p><strong>SEYID OULD ELGHEYLANI<\/strong><br \/>\n-Ancien procureur g\u00e9n\u00e9ral pr\u00e8s la cour supr\u00eame<br \/>\n-Ancien pr\u00e9sident de la cour supr\u00eame<br \/>\n-Ancien pr\u00e9sident de l\u2019instance judiciaire de l\u2019union du Maghreb Arabe<\/p>\n","protected":false},"excerpt":{"rendered":"<p>Ce n\u2019est pas parce que le jeune lanceur d\u2019alerte ALY OULD BEKKAR est un oncle que j\u2019\u00e9cris ces lignes pour d\u00e9noncer les traitements infamants et d\u00e9gradants qu\u2019il a injustement subis ;c\u2019est surtout parce que c\u2019est un jeune parmi des milliers qui croient en leur pays et en ses immenses ressources humaines et potentialit\u00e9s naturelles de &hellip;<\/p>\n","protected":false},"author":2,"featured_media":17550,"comment_status":"open","ping_status":"open","sticky":false,"template":"","format":"standard","meta":{"footnotes":""},"categories":[18,19],"tags":[],"class_list":["post-17549","post","type-post","status-publish","format-standard","has-post-thumbnail","hentry","category-actualites","category-tribune"],"_links":{"self":[{"href":"https:\/\/ladepeche.mr\/index.php?rest_route=\/wp\/v2\/posts\/17549","targetHints":{"allow":["GET"]}}],"collection":[{"href":"https:\/\/ladepeche.mr\/index.php?rest_route=\/wp\/v2\/posts"}],"about":[{"href":"https:\/\/ladepeche.mr\/index.php?rest_route=\/wp\/v2\/types\/post"}],"author":[{"embeddable":true,"href":"https:\/\/ladepeche.mr\/index.php?rest_route=\/wp\/v2\/users\/2"}],"replies":[{"embeddable":true,"href":"https:\/\/ladepeche.mr\/index.php?rest_route=%2Fwp%2Fv2%2Fcomments&post=17549"}],"version-history":[{"count":2,"href":"https:\/\/ladepeche.mr\/index.php?rest_route=\/wp\/v2\/posts\/17549\/revisions"}],"predecessor-version":[{"id":17552,"href":"https:\/\/ladepeche.mr\/index.php?rest_route=\/wp\/v2\/posts\/17549\/revisions\/17552"}],"wp:featuredmedia":[{"embeddable":true,"href":"https:\/\/ladepeche.mr\/index.php?rest_route=\/wp\/v2\/media\/17550"}],"wp:attachment":[{"href":"https:\/\/ladepeche.mr\/index.php?rest_route=%2Fwp%2Fv2%2Fmedia&parent=17549"}],"wp:term":[{"taxonomy":"category","embeddable":true,"href":"https:\/\/ladepeche.mr\/index.php?rest_route=%2Fwp%2Fv2%2Fcategories&post=17549"},{"taxonomy":"post_tag","embeddable":true,"href":"https:\/\/ladepeche.mr\/index.php?rest_route=%2Fwp%2Fv2%2Ftags&post=17549"}],"curies":[{"name":"wp","href":"https:\/\/api.w.org\/{rel}","templated":true}]}}