{"id":17553,"date":"2025-08-15T13:00:22","date_gmt":"2025-08-15T13:00:22","guid":{"rendered":"https:\/\/ladepeche.mr\/?p=17553"},"modified":"2025-08-15T12:00:04","modified_gmt":"2025-08-15T12:00:04","slug":"nouadhibou-renforcement-de-la-coordination-pour-la-prise-en-charge-des-migrants","status":"publish","type":"post","link":"https:\/\/ladepeche.mr\/?p=17553","title":{"rendered":"Nouadhibou : renforcement de la coordination pour la prise en charge des migrants"},"content":{"rendered":"<p data-start=\"262\" data-end=\"559\">\u00c0 l&#8217;occasion d&#8217;une r\u00e9union d\u00e9di\u00e9e \u00e0 la gestion migratoire, le wali de Nouadhibou a soulign\u00e9 l\u2019importance de renforcer les mesures de s\u00e9curit\u00e9, de protection et de prise en charge des migrants. Il a insist\u00e9 sur la n\u00e9cessit\u00e9 d&#8217;une coordination efficace entre les diff\u00e9rentes institutions impliqu\u00e9es.<\/p>\n<p data-start=\"561\" data-end=\"909\">De son c\u00f4t\u00e9, le directeur de l\u2019Instance nationale de lutte contre la traite des \u00eatres humains, M. Cheikh Tourad Ould Abdel Malick, a salu\u00e9 l\u2019utilit\u00e9 de cette rencontre, qui a permis aux participants de se familiariser avec l\u2019arr\u00eat\u00e9 conjoint r\u00e9cemment adopt\u00e9 par le l\u00e9gislateur mauritanien, d\u00e9finissant les proc\u00e9dures encadrant les flux migratoires.<\/p>\n<p data-start=\"911\" data-end=\"1346\">M. Mohamed El Hafez Ould Tolba, conseiller du wali charg\u00e9 des affaires juridiques et administratives, a pr\u00e9sent\u00e9 un expos\u00e9 sur l\u2019arr\u00eat\u00e9 N\u00b0 038_2024 du 8 octobre 2024. Ce texte modifie certaines dispositions de l\u2019arr\u00eat\u00e9 N\u00b0 046_65 du 23 f\u00e9vrier 1965 relatif au r\u00e9gime migratoire. Il pr\u00e9cise notamment les proc\u00e9dures standardis\u00e9es concernant le d\u00e9barquement, l\u2019enregistrement et la prise en charge des migrants arrivant sur le territoire.<\/p>\n<p data-start=\"1348\" data-end=\"1590\">Le conseiller a rappel\u00e9 que la gestion de cette question rel\u00e8ve d\u2019une coordination interminist\u00e9rielle impliquant l\u2019Int\u00e9rieur, la D\u00e9fense, la Sant\u00e9, et l\u2019Action sociale, en partenariat avec les acteurs humanitaires nationaux et internationaux.<\/p>\n<p data-start=\"1592\" data-end=\"1953\">Parmi les intervenants de terrain figurent le Croissant-Rouge mauritanien, le HCR, l\u2019OIM et plusieurs ONG accr\u00e9dit\u00e9es. Ces structures, sous la supervision des autorit\u00e9s comp\u00e9tentes, apportent un soutien psychosocial aux migrants vuln\u00e9rables, notamment par l\u2019\u00e9coute, le conseil, le suivi psychologique et l\u2019appui au retour volontaire, en coordination avec l\u2019OIM.<\/p>\n<p data-start=\"1955\" data-end=\"2243\">La r\u00e9union a rassembl\u00e9 plusieurs responsables, dont le pr\u00e9sident de la r\u00e9gion de Nouadhibou, le hakem de la moughataa, un repr\u00e9sentant r\u00e9gional de la Commission des droits de l\u2019homme, des membres du Croissant-Rouge et de la Croix-Rouge, ainsi que des repr\u00e9sentants des forces de s\u00e9curit\u00e9.<\/p>\n<p data-start=\"1955\" data-end=\"2243\">(avec Ami)<\/p>\n","protected":false},"excerpt":{"rendered":"<p>\u00c0 l&#8217;occasion d&#8217;une r\u00e9union d\u00e9di\u00e9e \u00e0 la gestion migratoire, le wali de Nouadhibou a soulign\u00e9 l\u2019importance de renforcer les mesures de s\u00e9curit\u00e9, de protection et de prise en charge des migrants. Il a insist\u00e9 sur la n\u00e9cessit\u00e9 d&#8217;une coordination efficace entre les diff\u00e9rentes institutions impliqu\u00e9es. De son c\u00f4t\u00e9, le directeur de l\u2019Instance nationale de lutte &hellip;<\/p>\n","protected":false},"author":2,"featured_media":17554,"comment_status":"open","ping_status":"open","sticky":false,"template":"","format":"standard","meta":{"footnotes":""},"categories":[18],"tags":[],"class_list":["post-17553","post","type-post","status-publish","format-standard","has-post-thumbnail","hentry","category-actualites"],"_links":{"self":[{"href":"https:\/\/ladepeche.mr\/index.php?rest_route=\/wp\/v2\/posts\/17553","targetHints":{"allow":["GET"]}}],"collection":[{"href":"https:\/\/ladepeche.mr\/index.php?rest_route=\/wp\/v2\/posts"}],"about":[{"href":"https:\/\/ladepeche.mr\/index.php?rest_route=\/wp\/v2\/types\/post"}],"author":[{"embeddable":true,"href":"https:\/\/ladepeche.mr\/index.php?rest_route=\/wp\/v2\/users\/2"}],"replies":[{"embeddable":true,"href":"https:\/\/ladepeche.mr\/index.php?rest_route=%2Fwp%2Fv2%2Fcomments&post=17553"}],"version-history":[{"count":1,"href":"https:\/\/ladepeche.mr\/index.php?rest_route=\/wp\/v2\/posts\/17553\/revisions"}],"predecessor-version":[{"id":17555,"href":"https:\/\/ladepeche.mr\/index.php?rest_route=\/wp\/v2\/posts\/17553\/revisions\/17555"}],"wp:featuredmedia":[{"embeddable":true,"href":"https:\/\/ladepeche.mr\/index.php?rest_route=\/wp\/v2\/media\/17554"}],"wp:attachment":[{"href":"https:\/\/ladepeche.mr\/index.php?rest_route=%2Fwp%2Fv2%2Fmedia&parent=17553"}],"wp:term":[{"taxonomy":"category","embeddable":true,"href":"https:\/\/ladepeche.mr\/index.php?rest_route=%2Fwp%2Fv2%2Fcategories&post=17553"},{"taxonomy":"post_tag","embeddable":true,"href":"https:\/\/ladepeche.mr\/index.php?rest_route=%2Fwp%2Fv2%2Ftags&post=17553"}],"curies":[{"name":"wp","href":"https:\/\/api.w.org\/{rel}","templated":true}]}}