{"id":17556,"date":"2025-08-15T12:30:17","date_gmt":"2025-08-15T12:30:17","guid":{"rendered":"https:\/\/ladepeche.mr\/?p=17556"},"modified":"2025-08-15T12:07:03","modified_gmt":"2025-08-15T12:07:03","slug":"la-palestine-salue-le-rejet-occidental-de-loccupation-de-gaza","status":"publish","type":"post","link":"https:\/\/ladepeche.mr\/?p=17556","title":{"rendered":"La Palestine salue le rejet occidental de l\u2019occupation de Gaza"},"content":{"rendered":"<h2 class=\"ys-detail-content__spot\">Le minist\u00e8re palestinien des Affaires \u00e9trang\u00e8res a salu\u00e9, samedi, une d\u00e9claration conjointe du Royaume-Uni, de l\u2019Allemagne, de l\u2019Italie, de l\u2019Australie et de la Nouvelle-Z\u00e9lande rejetant la d\u00e9cision d\u2019Isra\u00ebl d\u2019occuper enti\u00e8rement la ville de Gaza et appelant \u00e0 y mettre fin.<\/h2>\n<div class=\"embed-bottom-ad\"><\/div>\n<div class=\"ys-detail-content-area\">\n<p class=\"ys-paragraph-node align-justify\">Dans un communiqu\u00e9 publi\u00e9 vendredi, les ministres des Affaires \u00e9trang\u00e8res des cinq pays ont averti que le plan du Cabinet de s\u00e9curit\u00e9 isra\u00e9lien pourrait aggraver la crise humanitaire, mettre en danger les otages isra\u00e9liens et accro\u00eetre le risque de d\u00e9placements massifs de civils palestiniens.<\/p>\n<p><br class=\"ys-new-line-node\" \/><\/p>\n<p class=\"ys-paragraph-node align-justify\">Ils ont exhort\u00e9 la communaut\u00e9 internationale \u00e0 \u0153uvrer pour un cessez-le-feu imm\u00e9diat et durable, notamment afin d\u2019\u00e9viter la famine \u00e0 Gaza et de permettre l\u2019acheminement sans entrave de l\u2019aide humanitaire.<\/p>\n<div class=\"news-detail-ads\">\n<div class=\"embed-bottom-ad detail-page-advertisement__container\"><\/div>\n<\/div>\n<div class=\"ys-paragraph-node align-justify\"><span class=\"ys-text-node\">Dans sa r\u00e9ponse, le minist\u00e8re palestinien a affirm\u00e9\u00a0<\/span><i class=\"ys-italic-node\"><span class=\"ys-text-node\">&#8220;accueillir favorablement la d\u00e9claration conjointe rejetant la d\u00e9cision d\u2019Isra\u00ebl d\u2019occuper Gaza et ses mesures d\u2019annexion en Cisjordanie occup\u00e9e&#8221;.<\/span><\/i><\/div>\n<div class=\"ys-paragraph-node align-justify\"><span class=\"ys-text-node\">Il a appel\u00e9 \u00e0 mettre fin au\u00a0<\/span><i class=\"ys-italic-node\"><span class=\"ys-text-node\">&#8220;g\u00e9nocide, \u00e0 la famine et au d\u00e9placement forc\u00e9&#8221;<\/span><\/i><span class=\"ys-text-node\">\u00a0commis par Isra\u00ebl, et soulign\u00e9 la n\u00e9cessit\u00e9 de permettre \u00e0 l\u2019Autorit\u00e9 palestinienne\u00a0<\/span><i class=\"ys-italic-node\"><span class=\"ys-text-node\">&#8220;d\u2019exercer sa juridiction politique et juridique sur Gaza en tant que partie int\u00e9grante de l\u2019\u00c9tat de Palestine&#8221;.<\/span><\/i><\/div>\n<div class=\"ys-paragraph-node align-justify\"><span class=\"ys-text-node\">Le minist\u00e8re a \u00e9galement exhort\u00e9 le Conseil de s\u00e9curit\u00e9 de l\u2019ONU \u00e0\u00a0<\/span><i class=\"ys-italic-node\"><span class=\"ys-text-node\">&#8220;contraindre Isra\u00ebl \u00e0 cesser la mise en \u0153uvre de son plan d\u2019occupation, \u00e0 stopper les atrocit\u00e9s et \u00e0 mettre fin aux efforts d\u2019annexion&#8221;,\u00a0<\/span><\/i><span class=\"ys-text-node\">avertissant de la catastrophe humanitaire persistante dans l\u2019enclave.<\/span><\/div>\n<div class=\"news-detail-ads\">\n<div class=\"embed-bottom-ad detail-page-advertisement__container\"><\/div>\n<\/div>\n<p class=\"ys-paragraph-node align-justify\">Vendredi, le Cabinet de s\u00e9curit\u00e9 isra\u00e9lien a approuv\u00e9 un plan du Premier ministre Benyamin Netanyahou visant \u00e0 occuper totalement la ville de Gaza.<\/p>\n<div class=\"ys-paragraph-node align-justify\"><span class=\"ys-text-node\">Selon l\u2019ONU, 87 % du territoire de Gaza est d\u00e9j\u00e0 sous\u00a0<\/span><i class=\"ys-italic-node\"><span class=\"ys-text-node\">&#8220;contr\u00f4le isra\u00e9lien&#8221;\u00a0<\/span><\/i><span class=\"ys-text-node\">ou soumis \u00e0 des ordres d\u2019\u00e9vacuation, toute extension suppl\u00e9mentaire \u00e9tant susceptible d\u2019avoir\u00a0<\/span><i class=\"ys-italic-node\"><span class=\"ys-text-node\">&#8220;des cons\u00e9quences catastrophiques&#8221;.<\/span><\/i><\/div>\n<p class=\"ys-paragraph-node align-justify\">Isra\u00ebl fait face \u00e0 une indignation croissante en raison de sa guerre meurtri\u00e8re \u00e0 Gaza, o\u00f9 plus de 61 300 personnes ont \u00e9t\u00e9 tu\u00e9es depuis octobre 2023. La campagne militaire a ravag\u00e9 l\u2019enclave et l\u2019a pouss\u00e9e au bord de la famine.<\/p>\n<p class=\"ys-paragraph-node align-justify\">En novembre dernier, la Cour p\u00e9nale internationale a \u00e9mis des mandats d\u2019arr\u00eat contre Netanyahu et son ancien ministre de la D\u00e9fense, Yoav Gallant, pour crimes de guerre et crimes contre l\u2019humanit\u00e9 \u00e0 Gaza.<\/p>\n<div class=\"news-detail-ads\">\n<div class=\"embed-bottom-ad detail-page-advertisement__container\"><\/div>\n<\/div>\n<p class=\"ys-paragraph-node align-justify\">Isra\u00ebl est \u00e9galement poursuivi devant la Cour internationale de justice pour g\u00e9nocide en lien avec sa guerre contre l\u2019enclave.<\/p>\n<\/div>\n","protected":false},"excerpt":{"rendered":"<p>Le minist\u00e8re palestinien des Affaires \u00e9trang\u00e8res a salu\u00e9, samedi, une d\u00e9claration conjointe du Royaume-Uni, de l\u2019Allemagne, de l\u2019Italie, de l\u2019Australie et de la Nouvelle-Z\u00e9lande rejetant la d\u00e9cision d\u2019Isra\u00ebl d\u2019occuper enti\u00e8rement la ville de Gaza et appelant \u00e0 y mettre fin. Dans un communiqu\u00e9 publi\u00e9 vendredi, les ministres des Affaires \u00e9trang\u00e8res des cinq pays ont averti &hellip;<\/p>\n","protected":false},"author":2,"featured_media":17557,"comment_status":"open","ping_status":"open","sticky":false,"template":"","format":"standard","meta":{"footnotes":""},"categories":[18,29],"tags":[],"class_list":["post-17556","post","type-post","status-publish","format-standard","has-post-thumbnail","hentry","category-actualites","category-monde"],"_links":{"self":[{"href":"https:\/\/ladepeche.mr\/index.php?rest_route=\/wp\/v2\/posts\/17556","targetHints":{"allow":["GET"]}}],"collection":[{"href":"https:\/\/ladepeche.mr\/index.php?rest_route=\/wp\/v2\/posts"}],"about":[{"href":"https:\/\/ladepeche.mr\/index.php?rest_route=\/wp\/v2\/types\/post"}],"author":[{"embeddable":true,"href":"https:\/\/ladepeche.mr\/index.php?rest_route=\/wp\/v2\/users\/2"}],"replies":[{"embeddable":true,"href":"https:\/\/ladepeche.mr\/index.php?rest_route=%2Fwp%2Fv2%2Fcomments&post=17556"}],"version-history":[{"count":1,"href":"https:\/\/ladepeche.mr\/index.php?rest_route=\/wp\/v2\/posts\/17556\/revisions"}],"predecessor-version":[{"id":17558,"href":"https:\/\/ladepeche.mr\/index.php?rest_route=\/wp\/v2\/posts\/17556\/revisions\/17558"}],"wp:featuredmedia":[{"embeddable":true,"href":"https:\/\/ladepeche.mr\/index.php?rest_route=\/wp\/v2\/media\/17557"}],"wp:attachment":[{"href":"https:\/\/ladepeche.mr\/index.php?rest_route=%2Fwp%2Fv2%2Fmedia&parent=17556"}],"wp:term":[{"taxonomy":"category","embeddable":true,"href":"https:\/\/ladepeche.mr\/index.php?rest_route=%2Fwp%2Fv2%2Fcategories&post=17556"},{"taxonomy":"post_tag","embeddable":true,"href":"https:\/\/ladepeche.mr\/index.php?rest_route=%2Fwp%2Fv2%2Ftags&post=17556"}],"curies":[{"name":"wp","href":"https:\/\/api.w.org\/{rel}","templated":true}]}}