{"id":17559,"date":"2025-08-15T13:30:54","date_gmt":"2025-08-15T13:30:54","guid":{"rendered":"https:\/\/ladepeche.mr\/?p=17559"},"modified":"2025-08-15T12:10:53","modified_gmt":"2025-08-15T12:10:53","slug":"arrestation-de-seyidna-ali-ould-mohamed-khouna-la-defense-denonce-une-detention-arbitraire","status":"publish","type":"post","link":"https:\/\/ladepeche.mr\/?p=17559","title":{"rendered":"Arrestation de Seyidna Ali Ould Mohamed Khouna : la d\u00e9fense d\u00e9nonce une d\u00e9tention arbitraire"},"content":{"rendered":"<p class=\"p1\"><span class=\"s1\">L\u2019arrestation de l\u2019ancien ministre Seyidna Ali Ould Mohamed Khouna continue de faire pol\u00e9mique. Son \u00e9quipe de d\u00e9fense accuse les autorit\u00e9s d\u2019avoir proc\u00e9d\u00e9 \u00e0 un \u00ab enl\u00e8vement politique \u00bb, d\u00e9non\u00e7ant une d\u00e9tention arbitraire et sans fondement l\u00e9gal.<\/span><\/p>\n<p class=\"p1\"><span class=\"s1\">Selon un communiqu\u00e9 de La D\u00e9fense , Ould Mohamed Khouna a \u00e9t\u00e9 interpell\u00e9 mardi soir \u00e0 son domicile, situ\u00e9 en p\u00e9riph\u00e9rie de Nbeiket Lahouach. Il aurait ensuite \u00e9t\u00e9 plac\u00e9 en d\u00e9tention provisoire sur d\u00e9cision de la chambre d\u2019accusation, sans avoir \u00e9t\u00e9 entendu ni assist\u00e9 par ses avocats.<\/span><\/p>\n<p class=\"p1\"><span class=\"s1\">La d\u00e9fense fustige une proc\u00e9dure qualifi\u00e9e de \u00ab grave d\u00e9rive judiciaire \u00bb, affirmant que l\u2019arrestation repose sur une \u00ab d\u00e9nonciation mensong\u00e8re \u00bb \u00e9mise par la police politique, accusant l\u2019opposant d\u2019avoir viol\u00e9 un contr\u00f4le judiciaire que ses avocats jugent \u00ab sans base l\u00e9gale \u00bb.<\/span><\/p>\n<p class=\"p1\"><span class=\"s1\">Le communiqu\u00e9 pointe \u00e9galement une violation flagrante de la Constitution, notamment des articles 10 et 91, qui garantissent les libert\u00e9s individuelles et interdisent l\u2019arrestation arbitraire. \u00ab Notre client n\u2019a commis aucun acte contraire \u00e0 la loi. Sa d\u00e9tention est politique, injustifi\u00e9e et ill\u00e9gale \u00bb, insiste le collectif d\u2019avocats.<\/span><\/p>\n<p class=\"p1\"><span class=\"s1\">Figure connue de l\u2019opposition, Seyidna Ali Ould Mohamed Khouna est \u00e9galement pr\u00e9sident du Parti du Pacte D\u00e9mocratique, une formation encore non reconnue par l\u2019\u00c9tat. Proche de l\u2019ancien pr\u00e9sident Mohamed Ould Abdel Aziz, dont il d\u00e9fend la ligne politique, il est consid\u00e9r\u00e9 comme l\u2019un de ses soutiens les plus actifs.<\/span><\/p>\n<p>shems maarif<\/p>\n","protected":false},"excerpt":{"rendered":"<p>L\u2019arrestation de l\u2019ancien ministre Seyidna Ali Ould Mohamed Khouna continue de faire pol\u00e9mique. Son \u00e9quipe de d\u00e9fense accuse les autorit\u00e9s d\u2019avoir proc\u00e9d\u00e9 \u00e0 un \u00ab enl\u00e8vement politique \u00bb, d\u00e9non\u00e7ant une d\u00e9tention arbitraire et sans fondement l\u00e9gal. Selon un communiqu\u00e9 de La D\u00e9fense , Ould Mohamed Khouna a \u00e9t\u00e9 interpell\u00e9 mardi soir \u00e0 son domicile, situ\u00e9 &hellip;<\/p>\n","protected":false},"author":2,"featured_media":17560,"comment_status":"open","ping_status":"open","sticky":false,"template":"","format":"standard","meta":{"footnotes":""},"categories":[18,31],"tags":[],"class_list":["post-17559","post","type-post","status-publish","format-standard","has-post-thumbnail","hentry","category-actualites","category-politique-et-reportages"],"_links":{"self":[{"href":"https:\/\/ladepeche.mr\/index.php?rest_route=\/wp\/v2\/posts\/17559","targetHints":{"allow":["GET"]}}],"collection":[{"href":"https:\/\/ladepeche.mr\/index.php?rest_route=\/wp\/v2\/posts"}],"about":[{"href":"https:\/\/ladepeche.mr\/index.php?rest_route=\/wp\/v2\/types\/post"}],"author":[{"embeddable":true,"href":"https:\/\/ladepeche.mr\/index.php?rest_route=\/wp\/v2\/users\/2"}],"replies":[{"embeddable":true,"href":"https:\/\/ladepeche.mr\/index.php?rest_route=%2Fwp%2Fv2%2Fcomments&post=17559"}],"version-history":[{"count":1,"href":"https:\/\/ladepeche.mr\/index.php?rest_route=\/wp\/v2\/posts\/17559\/revisions"}],"predecessor-version":[{"id":17561,"href":"https:\/\/ladepeche.mr\/index.php?rest_route=\/wp\/v2\/posts\/17559\/revisions\/17561"}],"wp:featuredmedia":[{"embeddable":true,"href":"https:\/\/ladepeche.mr\/index.php?rest_route=\/wp\/v2\/media\/17560"}],"wp:attachment":[{"href":"https:\/\/ladepeche.mr\/index.php?rest_route=%2Fwp%2Fv2%2Fmedia&parent=17559"}],"wp:term":[{"taxonomy":"category","embeddable":true,"href":"https:\/\/ladepeche.mr\/index.php?rest_route=%2Fwp%2Fv2%2Fcategories&post=17559"},{"taxonomy":"post_tag","embeddable":true,"href":"https:\/\/ladepeche.mr\/index.php?rest_route=%2Fwp%2Fv2%2Ftags&post=17559"}],"curies":[{"name":"wp","href":"https:\/\/api.w.org\/{rel}","templated":true}]}}