{"id":17584,"date":"2025-08-17T11:56:34","date_gmt":"2025-08-17T11:56:34","guid":{"rendered":"https:\/\/ladepeche.mr\/?p=17584"},"modified":"2025-08-17T12:03:57","modified_gmt":"2025-08-17T12:03:57","slug":"afrique-japon-le-president-ghazouani-invite-de-la-ticad9","status":"publish","type":"post","link":"https:\/\/ladepeche.mr\/?p=17584","title":{"rendered":"Afrique-Japon: le pr\u00e9sident Ghazouani invit\u00e9 de la Ticad9"},"content":{"rendered":"<p class=\"p1\">Le pr\u00e9sident de la R\u00e9publique, Mohamed Ould Cheikh El Ghazouani, devrait \u00e9courter ses vacances annuelles pour prendre part \u00e0 la Conf\u00e9rence internationale de Tokyo sur le d\u00e9veloppement de l\u2019Afrique, connue sous l\u2019acronyme de Ticad 9. Il r\u00e9pond \u00e0 une invitation du gouvernement japonais \u00e0 prendre part \u00e0 cet important \u00e9v\u00e9nement destin\u00e9 \u00e0 raffermir la coop\u00e9ration \u00e9conomique entre les deux parties. La <span class=\"s1\">conf\u00e9rence est organis\u00e9e et h\u00e9berg\u00e9e du 20 au 22 ao\u00fbt 2025 par le Japon \u00e0 Yokohama.<\/span><\/p>\n<p class=\"p1\"><span class=\"s1\">La Conf\u00e9rence internationale de Tokyo sur le d\u00e9veloppement de l&#8217;Afrique (TICAD), initiative nippone, vise \u00e0 promouvoir la coop\u00e9ration entre le Japon et l&#8217;Afrique pour le d\u00e9veloppement durable et la paix. La TICAD 9 tentera de mettre en avant des solutions innovantes pour relever les d\u00e9fis africains, avec un accent sur la soci\u00e9t\u00e9, la paix et la stabilit\u00e9, et l&#8217;\u00e9conomie.<\/span><\/p>\n<p class=\"p1\"><span class=\"s1\">Ce partenariat Afro-japonais vise \u00e0 <\/span><span class=\"s2\">soutenir la croissance \u00e9conomique, \u00e0 encourager le d\u00e9veloppement social<\/span> <span class=\"s2\">et enfin favoriser la paix et la stabilit\u00e9<\/span><span class=\"s1\">.<\/span><\/p>\n<p class=\"p1\"><span class=\"s1\">La coop\u00e9ration entre notre pays et le Japon est, \u00e0 ce titre, multiforme et qualifi\u00e9e de fructueuse. Elle englobe via le m\u00e9canisme de financement Jica plusieurs secteurs comme le num\u00e9rique, la p\u00eache, l&#8217;agriculture et la s\u00e9curit\u00e9 alimentaire. Lors de cette conf\u00e9rence la Mauritanie, estime-t-on, tentera d\u2019int\u00e9resser les investissements japonais pour drainer des financements dans le secteur de l\u2019\u00e9nergie.<\/span><\/p>\n","protected":false},"excerpt":{"rendered":"<p>Le pr\u00e9sident de la R\u00e9publique, Mohamed Ould Cheikh El Ghazouani, devrait \u00e9courter ses vacances annuelles pour prendre part \u00e0 la Conf\u00e9rence internationale de Tokyo sur le d\u00e9veloppement de l\u2019Afrique, connue sous l\u2019acronyme de Ticad 9. Il r\u00e9pond \u00e0 une invitation du gouvernement japonais \u00e0 prendre part \u00e0 cet important \u00e9v\u00e9nement destin\u00e9 \u00e0 raffermir la coop\u00e9ration &hellip;<\/p>\n","protected":false},"author":2,"featured_media":16752,"comment_status":"open","ping_status":"open","sticky":false,"template":"","format":"standard","meta":{"footnotes":""},"categories":[18,2],"tags":[],"class_list":["post-17584","post","type-post","status-publish","format-standard","has-post-thumbnail","hentry","category-actualites","category-economie"],"_links":{"self":[{"href":"https:\/\/ladepeche.mr\/index.php?rest_route=\/wp\/v2\/posts\/17584","targetHints":{"allow":["GET"]}}],"collection":[{"href":"https:\/\/ladepeche.mr\/index.php?rest_route=\/wp\/v2\/posts"}],"about":[{"href":"https:\/\/ladepeche.mr\/index.php?rest_route=\/wp\/v2\/types\/post"}],"author":[{"embeddable":true,"href":"https:\/\/ladepeche.mr\/index.php?rest_route=\/wp\/v2\/users\/2"}],"replies":[{"embeddable":true,"href":"https:\/\/ladepeche.mr\/index.php?rest_route=%2Fwp%2Fv2%2Fcomments&post=17584"}],"version-history":[{"count":6,"href":"https:\/\/ladepeche.mr\/index.php?rest_route=\/wp\/v2\/posts\/17584\/revisions"}],"predecessor-version":[{"id":17590,"href":"https:\/\/ladepeche.mr\/index.php?rest_route=\/wp\/v2\/posts\/17584\/revisions\/17590"}],"wp:featuredmedia":[{"embeddable":true,"href":"https:\/\/ladepeche.mr\/index.php?rest_route=\/wp\/v2\/media\/16752"}],"wp:attachment":[{"href":"https:\/\/ladepeche.mr\/index.php?rest_route=%2Fwp%2Fv2%2Fmedia&parent=17584"}],"wp:term":[{"taxonomy":"category","embeddable":true,"href":"https:\/\/ladepeche.mr\/index.php?rest_route=%2Fwp%2Fv2%2Fcategories&post=17584"},{"taxonomy":"post_tag","embeddable":true,"href":"https:\/\/ladepeche.mr\/index.php?rest_route=%2Fwp%2Fv2%2Ftags&post=17584"}],"curies":[{"name":"wp","href":"https:\/\/api.w.org\/{rel}","templated":true}]}}