{"id":17594,"date":"2025-08-18T12:47:08","date_gmt":"2025-08-18T12:47:08","guid":{"rendered":"https:\/\/ladepeche.mr\/?p=17594"},"modified":"2025-08-18T12:47:08","modified_gmt":"2025-08-18T12:47:08","slug":"justice-augmentation-des-salaires-des-juges-et-greffiers","status":"publish","type":"post","link":"https:\/\/ladepeche.mr\/?p=17594","title":{"rendered":"Justice\u00a0: augmentation des salaires des juges et greffiers"},"content":{"rendered":"<p>Le gouvernement aurait d\u00e9cid\u00e9 d&#8217;augmenter, \u00e0 partir du mois d\u2019ao\u00fbt 2025, les salaires des juges et des greffiers en exercice, rapportent nos confr\u00e8res de Alakhbar citant des sources officieuses.<\/p>\n<p>Selon les m\u00eames sources, la mesure de l&#8217;augmentation des salaires des juges en exercice portent sur une hausse de 200 000 ouguiyas anciennes tandis que pour les greffiers en exercice elle est de l&#8217;ordre de 100.000 mro.<\/p>\n<p>A noter que des augmentations de salaires des fonctionnaires de l\u2019\u00e9ducation, des forces arm\u00e9es et des forces de s\u00e9curit\u00e9 avaient annonc\u00e9es l\u2019ann\u00e9e derni\u00e8re par le pr\u00e9sident de la R\u00e9publique, la veille du 64\u00e8 anniversaire de l\u2019Ind\u00e9pendance nationale.<\/p>\n","protected":false},"excerpt":{"rendered":"<p>Le gouvernement aurait d\u00e9cid\u00e9 d&#8217;augmenter, \u00e0 partir du mois d\u2019ao\u00fbt 2025, les salaires des juges et des greffiers en exercice, rapportent nos confr\u00e8res de Alakhbar citant des sources officieuses. Selon les m\u00eames sources, la mesure de l&#8217;augmentation des salaires des juges en exercice portent sur une hausse de 200 000 ouguiyas anciennes tandis que pour &hellip;<\/p>\n","protected":false},"author":2,"featured_media":17595,"comment_status":"open","ping_status":"open","sticky":false,"template":"","format":"standard","meta":{"footnotes":""},"categories":[18],"tags":[],"class_list":["post-17594","post","type-post","status-publish","format-standard","has-post-thumbnail","hentry","category-actualites"],"_links":{"self":[{"href":"https:\/\/ladepeche.mr\/index.php?rest_route=\/wp\/v2\/posts\/17594","targetHints":{"allow":["GET"]}}],"collection":[{"href":"https:\/\/ladepeche.mr\/index.php?rest_route=\/wp\/v2\/posts"}],"about":[{"href":"https:\/\/ladepeche.mr\/index.php?rest_route=\/wp\/v2\/types\/post"}],"author":[{"embeddable":true,"href":"https:\/\/ladepeche.mr\/index.php?rest_route=\/wp\/v2\/users\/2"}],"replies":[{"embeddable":true,"href":"https:\/\/ladepeche.mr\/index.php?rest_route=%2Fwp%2Fv2%2Fcomments&post=17594"}],"version-history":[{"count":1,"href":"https:\/\/ladepeche.mr\/index.php?rest_route=\/wp\/v2\/posts\/17594\/revisions"}],"predecessor-version":[{"id":17596,"href":"https:\/\/ladepeche.mr\/index.php?rest_route=\/wp\/v2\/posts\/17594\/revisions\/17596"}],"wp:featuredmedia":[{"embeddable":true,"href":"https:\/\/ladepeche.mr\/index.php?rest_route=\/wp\/v2\/media\/17595"}],"wp:attachment":[{"href":"https:\/\/ladepeche.mr\/index.php?rest_route=%2Fwp%2Fv2%2Fmedia&parent=17594"}],"wp:term":[{"taxonomy":"category","embeddable":true,"href":"https:\/\/ladepeche.mr\/index.php?rest_route=%2Fwp%2Fv2%2Fcategories&post=17594"},{"taxonomy":"post_tag","embeddable":true,"href":"https:\/\/ladepeche.mr\/index.php?rest_route=%2Fwp%2Fv2%2Ftags&post=17594"}],"curies":[{"name":"wp","href":"https:\/\/api.w.org\/{rel}","templated":true}]}}