{"id":17607,"date":"2025-08-18T14:17:48","date_gmt":"2025-08-18T14:17:48","guid":{"rendered":"https:\/\/ladepeche.mr\/?p=17607"},"modified":"2025-08-18T14:17:48","modified_gmt":"2025-08-18T14:17:48","slug":"camp-des-refugies-de-mberra-une-epidemie-de-diphterie-maitrisee","status":"publish","type":"post","link":"https:\/\/ladepeche.mr\/?p=17607","title":{"rendered":"Camp des r\u00e9fugi\u00e9s de Mberra: une \u00e9pid\u00e9mie de dipht\u00e9rie maitris\u00e9e"},"content":{"rendered":"<p>Une \u00e9pid\u00e9mie de dipht\u00e9rie survenue\u00a0 dans le camp de r\u00e9fugi\u00e9s de Mberra, dans le sud-est de la Mauritanie, a \u00e9t\u00e9 contenue en quelques semaines gr\u00e2ce \u00e0 une mobilisation rapide des autorit\u00e9s sanitaires et de leurs partenaires, annonce l\u2019Oms dans un article sur le sujet diffus\u00e9 ce lundi.<\/p>\n<p data-start=\"534\" data-end=\"871\">Les premiers cas sont apparus au d\u00e9but de l\u2019ann\u00e9e, lorsque plusieurs enfants se sont pr\u00e9sent\u00e9s dans les centres de sant\u00e9 du camp avec des sympt\u00f4mes \u00e9vocateurs : maux de gorge, fi\u00e8vre, ganglions cervicaux. L\u2019apparition de membranes gris\u00e2tres dans la gorge et de difficult\u00e9s respiratoires a rapidement confirm\u00e9 la pr\u00e9sence de la dipht\u00e9rie.<\/p>\n<p data-start=\"873\" data-end=\"1216\">Moins de 72 heures apr\u00e8s la confirmation en laboratoire des analyses, une r\u00e9ponse d\u2019urgence coordonn\u00e9e a \u00e9t\u00e9 d\u00e9ploy\u00e9e par le minist\u00e8re mauritanien de la Sant\u00e9, avec le soutien de l\u2019Organisation mondiale de la sant\u00e9 (OMS) et d&#8217;organisations humanitaires.<\/p>\n<p data-start=\"1218\" data-end=\"1470\">Entre juillet et septembre 2024, dix cas ont \u00e9t\u00e9 confirm\u00e9s, dont deux mortels. Huit concernaient des enfants non vaccin\u00e9s, six ayant moins de cinq ans. En r\u00e9ponse, plus de 1 000 personnes ont \u00e9t\u00e9 vaccin\u00e9es, y compris pr\u00e8s de 70 professionnels de sant\u00e9.<\/p>\n<p data-start=\"1472\" data-end=\"1759\">Plus de deux tonnes de mat\u00e9riel m\u00e9dical d\u2019urgence ont \u00e9t\u00e9 achemin\u00e9es : antitoxines, antibiotiques, \u00e9quipements de protection individuelle, d\u00e9sinfectants. Des experts de l\u2019OMS ont \u00e9t\u00e9 d\u00e9ploy\u00e9s pour soutenir le tra\u00e7age des contacts, les enqu\u00eates \u00e9pid\u00e9miologiques et la coordination locale.<\/p>\n<p data-start=\"1761\" data-end=\"1959\">Des campagnes de sensibilisation multilingues via la radio, des affiches et des interventions communautaires ont permis d\u2019am\u00e9liorer le signalement des sympt\u00f4mes et de renforcer la confiance envers les structures de sant\u00e9.<\/p>\n<p data-start=\"2184\" data-end=\"2279\">L&#8217;\u00e9pid\u00e9mie a \u00e9t\u00e9 contenue au sein du foyer initial. Aucun d\u00e9c\u00e8s suppl\u00e9mentaire n\u2019a \u00e9t\u00e9 signal\u00e9.<\/p>\n<p data-start=\"2281\" data-end=\"2544\">\u00ab C\u2019est un exemple parfait de ce que la mobilisation rapide et le partenariat peuvent accomplir\u00bb, aurait d\u00e9clar\u00e9 la Dre Charlotte Faty Ndiaye, repr\u00e9sentante de l\u2019OMS en Mauritanie. \u00ab Dans un contexte fragile comme celui de Mberra, l\u2019action pr\u00e9coce a sauv\u00e9 des vies. \u00bb<\/p>\n<p data-start=\"2546\" data-end=\"2698\">Entre juillet 2024 et mai 2025, plus de 2 300 nouveaux arrivants au camp ont \u00e9galement \u00e9t\u00e9 vaccin\u00e9s dans le cadre d\u2019une strat\u00e9gie \u00e9largie de pr\u00e9vention.<\/p>\n","protected":false},"excerpt":{"rendered":"<p>Une \u00e9pid\u00e9mie de dipht\u00e9rie survenue\u00a0 dans le camp de r\u00e9fugi\u00e9s de Mberra, dans le sud-est de la Mauritanie, a \u00e9t\u00e9 contenue en quelques semaines gr\u00e2ce \u00e0 une mobilisation rapide des autorit\u00e9s sanitaires et de leurs partenaires, annonce l\u2019Oms dans un article sur le sujet diffus\u00e9 ce lundi. Les premiers cas sont apparus au d\u00e9but de &hellip;<\/p>\n","protected":false},"author":2,"featured_media":17608,"comment_status":"open","ping_status":"open","sticky":false,"template":"","format":"standard","meta":{"footnotes":""},"categories":[18,27],"tags":[],"class_list":["post-17607","post","type-post","status-publish","format-standard","has-post-thumbnail","hentry","category-actualites","category-sante"],"_links":{"self":[{"href":"https:\/\/ladepeche.mr\/index.php?rest_route=\/wp\/v2\/posts\/17607","targetHints":{"allow":["GET"]}}],"collection":[{"href":"https:\/\/ladepeche.mr\/index.php?rest_route=\/wp\/v2\/posts"}],"about":[{"href":"https:\/\/ladepeche.mr\/index.php?rest_route=\/wp\/v2\/types\/post"}],"author":[{"embeddable":true,"href":"https:\/\/ladepeche.mr\/index.php?rest_route=\/wp\/v2\/users\/2"}],"replies":[{"embeddable":true,"href":"https:\/\/ladepeche.mr\/index.php?rest_route=%2Fwp%2Fv2%2Fcomments&post=17607"}],"version-history":[{"count":1,"href":"https:\/\/ladepeche.mr\/index.php?rest_route=\/wp\/v2\/posts\/17607\/revisions"}],"predecessor-version":[{"id":17609,"href":"https:\/\/ladepeche.mr\/index.php?rest_route=\/wp\/v2\/posts\/17607\/revisions\/17609"}],"wp:featuredmedia":[{"embeddable":true,"href":"https:\/\/ladepeche.mr\/index.php?rest_route=\/wp\/v2\/media\/17608"}],"wp:attachment":[{"href":"https:\/\/ladepeche.mr\/index.php?rest_route=%2Fwp%2Fv2%2Fmedia&parent=17607"}],"wp:term":[{"taxonomy":"category","embeddable":true,"href":"https:\/\/ladepeche.mr\/index.php?rest_route=%2Fwp%2Fv2%2Fcategories&post=17607"},{"taxonomy":"post_tag","embeddable":true,"href":"https:\/\/ladepeche.mr\/index.php?rest_route=%2Fwp%2Fv2%2Ftags&post=17607"}],"curies":[{"name":"wp","href":"https:\/\/api.w.org\/{rel}","templated":true}]}}