{"id":17610,"date":"2025-08-18T21:02:19","date_gmt":"2025-08-18T21:02:19","guid":{"rendered":"https:\/\/ladepeche.mr\/?p=17610"},"modified":"2025-08-18T21:02:19","modified_gmt":"2025-08-18T21:02:19","slug":"mines-mcm-donne-une-seconde-vie-a-sa-mine","status":"publish","type":"post","link":"https:\/\/ladepeche.mr\/?p=17610","title":{"rendered":"Mines\u00a0: MCM donne une seconde vie \u00e0 sa mine"},"content":{"rendered":"<p>La soci\u00e9t\u00e9 Mauritanian Copper Mines (MCM) a annonc\u00e9 que la dur\u00e9e de vie de sa mine situ\u00e9e dans la wilaya de l\u2019Inchiri a \u00e9t\u00e9 prolong\u00e9e jusqu\u2019en 2029.<\/p>\n<p>L\u2019information annonc\u00e9e sur sa page Facebook soutient que gr\u00e2ce \u00e0 la mise en \u0153uvre d\u2019un programme d\u2019investissement sa mine retrouve une seconde vie de la mine qui va renforcer ses capacit\u00e9s de production.<\/p>\n<p>MCM r\u00e9v\u00e8le, par ailleurs, qu\u2019elle poursuit sa coordination avec le minist\u00e8re de tutelle pour l\u2019obtention de nouvelles licences d\u2019exploration et de prospection qu\u2019elle exploitera avec c\u00e9l\u00e9rit\u00e9 pr\u00e9tendant avoir mobilis\u00e9 les moyens et les ressources idoines pour d\u00e9velopper ses projets.<\/p>\n<p>Enfin, elle affirme travailler dans la transparence et communiquer continuellement avec ses partenaires et les autorit\u00e9s concern\u00e9es, mettant en garde contre les informations qui ne proviendraient pas de sa source.<\/p>\n","protected":false},"excerpt":{"rendered":"<p>La soci\u00e9t\u00e9 Mauritanian Copper Mines (MCM) a annonc\u00e9 que la dur\u00e9e de vie de sa mine situ\u00e9e dans la wilaya de l\u2019Inchiri a \u00e9t\u00e9 prolong\u00e9e jusqu\u2019en 2029. L\u2019information annonc\u00e9e sur sa page Facebook soutient que gr\u00e2ce \u00e0 la mise en \u0153uvre d\u2019un programme d\u2019investissement sa mine retrouve une seconde vie de la mine qui va &hellip;<\/p>\n","protected":false},"author":2,"featured_media":17611,"comment_status":"open","ping_status":"open","sticky":false,"template":"","format":"standard","meta":{"footnotes":""},"categories":[18,2],"tags":[],"class_list":["post-17610","post","type-post","status-publish","format-standard","has-post-thumbnail","hentry","category-actualites","category-economie"],"_links":{"self":[{"href":"https:\/\/ladepeche.mr\/index.php?rest_route=\/wp\/v2\/posts\/17610","targetHints":{"allow":["GET"]}}],"collection":[{"href":"https:\/\/ladepeche.mr\/index.php?rest_route=\/wp\/v2\/posts"}],"about":[{"href":"https:\/\/ladepeche.mr\/index.php?rest_route=\/wp\/v2\/types\/post"}],"author":[{"embeddable":true,"href":"https:\/\/ladepeche.mr\/index.php?rest_route=\/wp\/v2\/users\/2"}],"replies":[{"embeddable":true,"href":"https:\/\/ladepeche.mr\/index.php?rest_route=%2Fwp%2Fv2%2Fcomments&post=17610"}],"version-history":[{"count":1,"href":"https:\/\/ladepeche.mr\/index.php?rest_route=\/wp\/v2\/posts\/17610\/revisions"}],"predecessor-version":[{"id":17612,"href":"https:\/\/ladepeche.mr\/index.php?rest_route=\/wp\/v2\/posts\/17610\/revisions\/17612"}],"wp:featuredmedia":[{"embeddable":true,"href":"https:\/\/ladepeche.mr\/index.php?rest_route=\/wp\/v2\/media\/17611"}],"wp:attachment":[{"href":"https:\/\/ladepeche.mr\/index.php?rest_route=%2Fwp%2Fv2%2Fmedia&parent=17610"}],"wp:term":[{"taxonomy":"category","embeddable":true,"href":"https:\/\/ladepeche.mr\/index.php?rest_route=%2Fwp%2Fv2%2Fcategories&post=17610"},{"taxonomy":"post_tag","embeddable":true,"href":"https:\/\/ladepeche.mr\/index.php?rest_route=%2Fwp%2Fv2%2Ftags&post=17610"}],"curies":[{"name":"wp","href":"https:\/\/api.w.org\/{rel}","templated":true}]}}