{"id":17613,"date":"2025-08-18T21:50:11","date_gmt":"2025-08-18T21:50:11","guid":{"rendered":"https:\/\/ladepeche.mr\/?p=17613"},"modified":"2025-08-18T22:17:07","modified_gmt":"2025-08-18T22:17:07","slug":"mauritanie-une-etude-dresse-les-portraits-des-migrants-dans-les-principales-villes-du-pays","status":"publish","type":"post","link":"https:\/\/ladepeche.mr\/?p=17613","title":{"rendered":"Mauritanie : une \u00e9tude dresse les profils des migrants dans les principales villes du pays"},"content":{"rendered":"<p data-start=\"190\" data-end=\"570\">Une enqu\u00eate conjointe de l&#8217;Organisation internationale pour les migrations (OIM) et de l\u2019Agence nationale de la statistique et de l\u2019analyse d\u00e9mographique et \u00e9conomique (ANSADE) r\u00e9v\u00e8le les dynamiques migratoires en Mauritanie, devenue \u00e0 la fois zone de transit et terre d\u2019accueil pour de nombreux migrants d\u2019Afrique de l\u2019Ouest et du Centre.<\/p>\n<p>L\u2019objectif de cette \u00e9tude est de fournir des donn\u00e9es fiables aux d\u00e9cideurs publics et aux partenaires techniques et financiers, en vue de d\u00e9velopper des politiques de migration plus efficaces, centr\u00e9es sur la protection des migrants, leur int\u00e9gration et la promotion d\u2019un d\u00e9veloppement durable.<\/p>\n<p>R\u00e9alis\u00e9e du 1er au 22 mai 2025 \u00e0 Nouakchott, Nouadhibou et S\u00e9libabi, l\u2019\u00e9tude vise \u00e0 mieux cerner les profils des migrants pr\u00e9sents sur le territoire, dans un contexte de dilemme entre la libre circulation des citoyens africains dans le pays, fruits d\u2019accords, et une coop\u00e9ration renforc\u00e9e entre la Mauritanie et l\u2019Union europ\u00e9enne en mati\u00e8re de lutte contre la migration irr\u00e9guli\u00e8re. Une d\u00e9claration conjointe dans ce domaine, qui a trop fait jaser, avait \u00e9t\u00e9 sign\u00e9e entre les deux parties en mars 2025.<\/p>\n<p>Selon donc les premi\u00e8res d\u00e9ductions, la position g\u00e9ographique strat\u00e9gique de la Mauritanie, \u00e0 la crois\u00e9e de l\u2019Afrique subsaharienne et de l\u2019Afrique du Nord, ainsi que les opportunit\u00e9s \u00e9conomiques locales, constituent les principaux facteurs d\u2019attractivit\u00e9 pour les migrants. Les villes de Nouakchott, Nouadhibou, Rosso, S\u00e9libabi et Chami apparaissent comme des p\u00f4les majeurs, \u00e0 la fois de transit et d\u2019installation temporaire.<\/p>\n<p data-start=\"1388\" data-end=\"1682\">\n","protected":false},"excerpt":{"rendered":"<p>Une enqu\u00eate conjointe de l&#8217;Organisation internationale pour les migrations (OIM) et de l\u2019Agence nationale de la statistique et de l\u2019analyse d\u00e9mographique et \u00e9conomique (ANSADE) r\u00e9v\u00e8le les dynamiques migratoires en Mauritanie, devenue \u00e0 la fois zone de transit et terre d\u2019accueil pour de nombreux migrants d\u2019Afrique de l\u2019Ouest et du Centre. L\u2019objectif de cette \u00e9tude est &hellip;<\/p>\n","protected":false},"author":2,"featured_media":17614,"comment_status":"open","ping_status":"open","sticky":false,"template":"","format":"standard","meta":{"footnotes":""},"categories":[18],"tags":[],"class_list":["post-17613","post","type-post","status-publish","format-standard","has-post-thumbnail","hentry","category-actualites"],"_links":{"self":[{"href":"https:\/\/ladepeche.mr\/index.php?rest_route=\/wp\/v2\/posts\/17613","targetHints":{"allow":["GET"]}}],"collection":[{"href":"https:\/\/ladepeche.mr\/index.php?rest_route=\/wp\/v2\/posts"}],"about":[{"href":"https:\/\/ladepeche.mr\/index.php?rest_route=\/wp\/v2\/types\/post"}],"author":[{"embeddable":true,"href":"https:\/\/ladepeche.mr\/index.php?rest_route=\/wp\/v2\/users\/2"}],"replies":[{"embeddable":true,"href":"https:\/\/ladepeche.mr\/index.php?rest_route=%2Fwp%2Fv2%2Fcomments&post=17613"}],"version-history":[{"count":2,"href":"https:\/\/ladepeche.mr\/index.php?rest_route=\/wp\/v2\/posts\/17613\/revisions"}],"predecessor-version":[{"id":17616,"href":"https:\/\/ladepeche.mr\/index.php?rest_route=\/wp\/v2\/posts\/17613\/revisions\/17616"}],"wp:featuredmedia":[{"embeddable":true,"href":"https:\/\/ladepeche.mr\/index.php?rest_route=\/wp\/v2\/media\/17614"}],"wp:attachment":[{"href":"https:\/\/ladepeche.mr\/index.php?rest_route=%2Fwp%2Fv2%2Fmedia&parent=17613"}],"wp:term":[{"taxonomy":"category","embeddable":true,"href":"https:\/\/ladepeche.mr\/index.php?rest_route=%2Fwp%2Fv2%2Fcategories&post=17613"},{"taxonomy":"post_tag","embeddable":true,"href":"https:\/\/ladepeche.mr\/index.php?rest_route=%2Fwp%2Fv2%2Ftags&post=17613"}],"curies":[{"name":"wp","href":"https:\/\/api.w.org\/{rel}","templated":true}]}}