{"id":17620,"date":"2025-08-19T13:15:50","date_gmt":"2025-08-19T13:15:50","guid":{"rendered":"https:\/\/ladepeche.mr\/?p=17620"},"modified":"2025-08-19T13:15:50","modified_gmt":"2025-08-19T13:15:50","slug":"apres-la-france-et-le-canada-laustralie-va-reconnaitre-letat-de-palestine-en-septembre","status":"publish","type":"post","link":"https:\/\/ladepeche.mr\/?p=17620","title":{"rendered":"Apr\u00e8s la France et le Canada, l&#8217;Australie va reconna\u00eetre l&#8217;\u00c9tat de Palestine en septembre"},"content":{"rendered":"<p>L&#8217;Australie va reconna\u00eetre l&#8217;\u00c9tat de Palestine \u00e0 l&#8217;occasion de l&#8217;Assembl\u00e9e g\u00e9n\u00e9rale de l&#8217;ONU en septembre, a annonc\u00e9, lundi, le Premier ministre, Anthony Albanese. Le pays embo\u00eete le pas \u00e0 d&#8217;autres \u00c9tats comme la France et le Canada.<\/p>\n<p>Apr\u00e8s la France et le Canada, fin juillet, l&#8217;Australie\u00a0va \u00e0 son tour reconna\u00eetre l&#8217;\u00c9tat de Palestine \u00e0 l&#8217;occasion de l&#8217;Assembl\u00e9e g\u00e9n\u00e9rale de l&#8217;ONU en septembre, a annonc\u00e9, lundi 11 ao\u00fbt, le Premier ministre\u00a0Anthony Albanese.<\/p>\n<p>&#8220;La paix ne peut \u00eatre que temporaire&#8221; tant que les Isra\u00e9liens et les Palestiniens ne disposent pas de leurs \u00c9tats, a d\u00e9clar\u00e9 le chef du gouvernement travailliste \u00e0 la presse. &#8220;L&#8217;Australie va reconna\u00eetre le droit du peuple palestinien \u00e0 un \u00c9tat qui lui est propre&#8221;, a-t-il ajout\u00e9.<\/p>\n<p>La guerre dans la bande de\u00a0Gaza\u00a0a raviv\u00e9 les vell\u00e9it\u00e9s \u00e0 reconna\u00eetre l&#8217;\u00c9tat de Palestine.<\/p>\n<p>Anthony Albanese dit avoir re\u00e7u des garanties de la part de l&#8217;Autorit\u00e9 palestinienne, afin qu'&#8221;aucune place (ne soit donn\u00e9e) aux terroristes du Hamas dans tout futur \u00c9tat palestinien&#8221;.<\/p>\n<p><strong>Cr\u00e9er une dynamique collective<\/strong><\/p>\n<p>Les pressions internationales s&#8217;accentuent sur le gouvernement isra\u00e9lien pour trouver une issue au conflit, qui a conduit \u00e0 une grave crise humanitaire dans l&#8217;enclave palestinienne assi\u00e9g\u00e9e, o\u00f9 vivent quelque 2,4 millions de personnes.<\/p>\n<p>Les violences en Cisjordanie occup\u00e9e, territoire palestinien occup\u00e9 par Isra\u00ebl depuis 1967, se sont par ailleurs intensifi\u00e9es depuis le d\u00e9but de la guerre \u00e0 Gaza.<\/p>\n<p>Fin juillet, le pr\u00e9sident fran\u00e7ais, Emmanuel Macron,\u00a0a annonc\u00e9 son intention de reconna\u00eetre l&#8217;\u00c9tat de Palestine\u00a0\u00e0 l&#8217;occasion de la 80e session de l&#8217;Assembl\u00e9e g\u00e9n\u00e9rale des Nations unies en septembre, en esp\u00e9rant cr\u00e9er une dynamique collective en ce sens.<\/p>\n<p>Une d\u00e9cision qui &#8220;r\u00e9compense la terreur&#8221;, avait alors jug\u00e9 le Premier ministre isra\u00e9lien, Benjamin Netanyahu, en r\u00e9f\u00e9rence \u00e0 l&#8217;attaque du 7-Octobre. Les \u00c9tats-Unis, premier soutien d&#8217;Isra\u00ebl, ont pour leur part &#8220;fermement&#8221; rejet\u00e9 une mesure &#8220;imprudente&#8221;.<\/p>\n<p><strong>Les trois quarts des \u00c9tats membres de l&#8217;ONU reconnaissent l&#8217;\u00c9tat de Palestine<\/strong><\/p>\n<p>Quelques jours plus tard,\u00a0le Canada avait lui aussi fait part de son intention en faveur d&#8217;un \u00c9tat de Palestine. Le Royaume-Uni\u00a0a aussi annonc\u00e9 qu&#8217;il le reconna\u00eetrait, sauf si Isra\u00ebl prenait une s\u00e9rie d&#8217;engagements, dont celui d&#8217;un cessez-le-feu dans la bande de Gaza.<\/p>\n<p>Au total, les trois quarts des \u00c9tats membres de l&#8217;ONU reconnaissent l&#8217;\u00c9tat de Palestine, proclam\u00e9 par la direction palestinienne en exil \u00e0 la fin des ann\u00e9es 1980. Cet acte diplomatique a \u00e9t\u00e9 r\u00e9alis\u00e9 par une dizaine de pays depuis le d\u00e9but de la guerre \u00e0 Gaza.<\/p>\n<p>Fin juillet,\u00a0l&#8217;Australie et 14 autres pays occidentaux, parmi lesquels la France et la Canada, avaient &#8220;invit\u00e9&#8221; la communaut\u00e9 internationale \u00e0 reconna\u00eetre un \u00c9tat de Palestine.<\/p>\n<p><em>Avec AFP<\/em><\/p>\n","protected":false},"excerpt":{"rendered":"<p>L&#8217;Australie va reconna\u00eetre l&#8217;\u00c9tat de Palestine \u00e0 l&#8217;occasion de l&#8217;Assembl\u00e9e g\u00e9n\u00e9rale de l&#8217;ONU en septembre, a annonc\u00e9, lundi, le Premier ministre, Anthony Albanese. Le pays embo\u00eete le pas \u00e0 d&#8217;autres \u00c9tats comme la France et le Canada. Apr\u00e8s la France et le Canada, fin juillet, l&#8217;Australie\u00a0va \u00e0 son tour reconna\u00eetre l&#8217;\u00c9tat de Palestine \u00e0 l&#8217;occasion &hellip;<\/p>\n","protected":false},"author":2,"featured_media":17621,"comment_status":"open","ping_status":"open","sticky":false,"template":"","format":"standard","meta":{"footnotes":""},"categories":[18,29],"tags":[],"class_list":["post-17620","post","type-post","status-publish","format-standard","has-post-thumbnail","hentry","category-actualites","category-monde"],"_links":{"self":[{"href":"https:\/\/ladepeche.mr\/index.php?rest_route=\/wp\/v2\/posts\/17620","targetHints":{"allow":["GET"]}}],"collection":[{"href":"https:\/\/ladepeche.mr\/index.php?rest_route=\/wp\/v2\/posts"}],"about":[{"href":"https:\/\/ladepeche.mr\/index.php?rest_route=\/wp\/v2\/types\/post"}],"author":[{"embeddable":true,"href":"https:\/\/ladepeche.mr\/index.php?rest_route=\/wp\/v2\/users\/2"}],"replies":[{"embeddable":true,"href":"https:\/\/ladepeche.mr\/index.php?rest_route=%2Fwp%2Fv2%2Fcomments&post=17620"}],"version-history":[{"count":1,"href":"https:\/\/ladepeche.mr\/index.php?rest_route=\/wp\/v2\/posts\/17620\/revisions"}],"predecessor-version":[{"id":17622,"href":"https:\/\/ladepeche.mr\/index.php?rest_route=\/wp\/v2\/posts\/17620\/revisions\/17622"}],"wp:featuredmedia":[{"embeddable":true,"href":"https:\/\/ladepeche.mr\/index.php?rest_route=\/wp\/v2\/media\/17621"}],"wp:attachment":[{"href":"https:\/\/ladepeche.mr\/index.php?rest_route=%2Fwp%2Fv2%2Fmedia&parent=17620"}],"wp:term":[{"taxonomy":"category","embeddable":true,"href":"https:\/\/ladepeche.mr\/index.php?rest_route=%2Fwp%2Fv2%2Fcategories&post=17620"},{"taxonomy":"post_tag","embeddable":true,"href":"https:\/\/ladepeche.mr\/index.php?rest_route=%2Fwp%2Fv2%2Ftags&post=17620"}],"curies":[{"name":"wp","href":"https:\/\/api.w.org\/{rel}","templated":true}]}}