{"id":17623,"date":"2025-08-19T13:30:34","date_gmt":"2025-08-19T13:30:34","guid":{"rendered":"https:\/\/ladepeche.mr\/?p=17623"},"modified":"2025-08-19T13:30:34","modified_gmt":"2025-08-19T13:30:34","slug":"formation-un-atelier-pour-renforcement-des-capacites-des-osc","status":"publish","type":"post","link":"https:\/\/ladepeche.mr\/?p=17623","title":{"rendered":"Formation: un atelier pour renforcement des capacit\u00e9s des OSC"},"content":{"rendered":"<p data-start=\"218\" data-end=\"487\">Le Commissariat aux droits de l\u2019homme, \u00e0 l\u2019action humanitaire et aux relations avec la soci\u00e9t\u00e9 civile a lanc\u00e9 mardi \u00e0 Nouakchott un atelier de formation destin\u00e9 \u00e0 renforcer les capacit\u00e9s des organisations de la soci\u00e9t\u00e9 civile (OSC).<\/p>\n<p data-start=\"489\" data-end=\"683\">Pr\u00e9vu sur neuf jours, l\u2019atelier regroupe 75 organisations autour de plusieurs th\u00e9matiques, dont la gestion administrative et financi\u00e8re, la pr\u00e9paration de projets et les techniques de plaidoyer.<\/p>\n<p data-start=\"685\" data-end=\"915\">Cette initiative s\u2019inscrit dans le cadre d\u2019un programme plus large visant \u00e0 am\u00e9liorer les comp\u00e9tences manag\u00e9riales des OSC, a d\u00e9clar\u00e9, lors de la c\u00e9r\u00e9monie d\u2019ouverture, le commissaire adjoint par int\u00e9rim, Mohamed Salem Ould Khtour..<\/p>\n<p data-start=\"917\" data-end=\"1146\">Depuis la loi 2021-004 sur les associations, un nombre pl\u00e9thorique de 9 400 Ongs, dont la majorit\u00e9 de jouit pas d&#8217;une v\u00e9ritable exp\u00e9rience, sont enregistr\u00e9es sur la plateforme num\u00e9rique FEDDAM, rappelle-t-on.<\/p>\n<p data-start=\"917\" data-end=\"1146\">(avec Ami)<\/p>\n","protected":false},"excerpt":{"rendered":"<p>Le Commissariat aux droits de l\u2019homme, \u00e0 l\u2019action humanitaire et aux relations avec la soci\u00e9t\u00e9 civile a lanc\u00e9 mardi \u00e0 Nouakchott un atelier de formation destin\u00e9 \u00e0 renforcer les capacit\u00e9s des organisations de la soci\u00e9t\u00e9 civile (OSC). Pr\u00e9vu sur neuf jours, l\u2019atelier regroupe 75 organisations autour de plusieurs th\u00e9matiques, dont la gestion administrative et financi\u00e8re, &hellip;<\/p>\n","protected":false},"author":2,"featured_media":17624,"comment_status":"open","ping_status":"open","sticky":false,"template":"","format":"standard","meta":{"footnotes":""},"categories":[18],"tags":[],"class_list":["post-17623","post","type-post","status-publish","format-standard","has-post-thumbnail","hentry","category-actualites"],"_links":{"self":[{"href":"https:\/\/ladepeche.mr\/index.php?rest_route=\/wp\/v2\/posts\/17623","targetHints":{"allow":["GET"]}}],"collection":[{"href":"https:\/\/ladepeche.mr\/index.php?rest_route=\/wp\/v2\/posts"}],"about":[{"href":"https:\/\/ladepeche.mr\/index.php?rest_route=\/wp\/v2\/types\/post"}],"author":[{"embeddable":true,"href":"https:\/\/ladepeche.mr\/index.php?rest_route=\/wp\/v2\/users\/2"}],"replies":[{"embeddable":true,"href":"https:\/\/ladepeche.mr\/index.php?rest_route=%2Fwp%2Fv2%2Fcomments&post=17623"}],"version-history":[{"count":1,"href":"https:\/\/ladepeche.mr\/index.php?rest_route=\/wp\/v2\/posts\/17623\/revisions"}],"predecessor-version":[{"id":17625,"href":"https:\/\/ladepeche.mr\/index.php?rest_route=\/wp\/v2\/posts\/17623\/revisions\/17625"}],"wp:featuredmedia":[{"embeddable":true,"href":"https:\/\/ladepeche.mr\/index.php?rest_route=\/wp\/v2\/media\/17624"}],"wp:attachment":[{"href":"https:\/\/ladepeche.mr\/index.php?rest_route=%2Fwp%2Fv2%2Fmedia&parent=17623"}],"wp:term":[{"taxonomy":"category","embeddable":true,"href":"https:\/\/ladepeche.mr\/index.php?rest_route=%2Fwp%2Fv2%2Fcategories&post=17623"},{"taxonomy":"post_tag","embeddable":true,"href":"https:\/\/ladepeche.mr\/index.php?rest_route=%2Fwp%2Fv2%2Ftags&post=17623"}],"curies":[{"name":"wp","href":"https:\/\/api.w.org\/{rel}","templated":true}]}}