{"id":1763,"date":"2022-09-05T11:21:45","date_gmt":"2022-09-05T11:21:45","guid":{"rendered":"https:\/\/ladepeche.mr\/?p=1763"},"modified":"2022-09-05T11:21:45","modified_gmt":"2022-09-05T11:21:45","slug":"mohamed-ould-soueid-contre-al-huddood","status":"publish","type":"post","link":"https:\/\/ladepeche.mr\/?p=1763","title":{"rendered":"Mohamed Ould Soueid contre Al Huddood"},"content":{"rendered":"<p>L\u2019international mauritanien, Mohamed Ould Soueid, serait poursuivi par son le clun irakien de Al Huddood dont il serait soci\u00e9taire.<\/p>\n<p>Selon les m\u00e9dias sp\u00e9cialis\u00e9es, le footballeur mauritanien n\u2019aurait pas respect\u00e9 le contrat sign\u00e9 avec ce club comme il aurait refus\u00e9 de rejoindre ses co\u00e9quipiers pour le stage de pr\u00e9paration du championnat irakien.<\/p>\n<p>Le club irakien dit avoir pris contact avec la f\u00e9d\u00e9ration mauritanienne de football \u00e0 ce sujet.<\/p>\n","protected":false},"excerpt":{"rendered":"<p>L\u2019international mauritanien, Mohamed Ould Soueid, serait poursuivi par son le clun irakien de Al Huddood dont il serait soci\u00e9taire. Selon les m\u00e9dias sp\u00e9cialis\u00e9es, le footballeur mauritanien n\u2019aurait pas respect\u00e9 le contrat sign\u00e9 avec ce club comme il aurait refus\u00e9 de rejoindre ses co\u00e9quipiers pour le stage de pr\u00e9paration du championnat irakien. Le club irakien dit &hellip;<\/p>\n","protected":false},"author":2,"featured_media":1764,"comment_status":"open","ping_status":"open","sticky":false,"template":"","format":"standard","meta":{"footnotes":""},"categories":[26],"tags":[],"class_list":["post-1763","post","type-post","status-publish","format-standard","has-post-thumbnail","hentry","category-en-panne"],"_links":{"self":[{"href":"https:\/\/ladepeche.mr\/index.php?rest_route=\/wp\/v2\/posts\/1763","targetHints":{"allow":["GET"]}}],"collection":[{"href":"https:\/\/ladepeche.mr\/index.php?rest_route=\/wp\/v2\/posts"}],"about":[{"href":"https:\/\/ladepeche.mr\/index.php?rest_route=\/wp\/v2\/types\/post"}],"author":[{"embeddable":true,"href":"https:\/\/ladepeche.mr\/index.php?rest_route=\/wp\/v2\/users\/2"}],"replies":[{"embeddable":true,"href":"https:\/\/ladepeche.mr\/index.php?rest_route=%2Fwp%2Fv2%2Fcomments&post=1763"}],"version-history":[{"count":1,"href":"https:\/\/ladepeche.mr\/index.php?rest_route=\/wp\/v2\/posts\/1763\/revisions"}],"predecessor-version":[{"id":1765,"href":"https:\/\/ladepeche.mr\/index.php?rest_route=\/wp\/v2\/posts\/1763\/revisions\/1765"}],"wp:featuredmedia":[{"embeddable":true,"href":"https:\/\/ladepeche.mr\/index.php?rest_route=\/wp\/v2\/media\/1764"}],"wp:attachment":[{"href":"https:\/\/ladepeche.mr\/index.php?rest_route=%2Fwp%2Fv2%2Fmedia&parent=1763"}],"wp:term":[{"taxonomy":"category","embeddable":true,"href":"https:\/\/ladepeche.mr\/index.php?rest_route=%2Fwp%2Fv2%2Fcategories&post=1763"},{"taxonomy":"post_tag","embeddable":true,"href":"https:\/\/ladepeche.mr\/index.php?rest_route=%2Fwp%2Fv2%2Ftags&post=1763"}],"curies":[{"name":"wp","href":"https:\/\/api.w.org\/{rel}","templated":true}]}}