{"id":17631,"date":"2025-08-19T14:37:45","date_gmt":"2025-08-19T14:37:45","guid":{"rendered":"https:\/\/ladepeche.mr\/?p=17631"},"modified":"2025-08-19T14:37:45","modified_gmt":"2025-08-19T14:37:45","slug":"la-famine-a-gaza-est-une-honte-pour-lhumanite-par-binaifer-nowrojee","status":"publish","type":"post","link":"https:\/\/ladepeche.mr\/?p=17631","title":{"rendered":"La famine \u00e0 Gaza est une honte pour l\u2019humanit\u00e9.   Par Binaifer Nowrojee"},"content":{"rendered":"<p>NEW YORK \u2013 La famine est une destruction lente et silencieuse du corps. Priv\u00e9 de nutriments essentiels, l\u2019organisme commence par br\u00fbler les r\u00e9serves de sucre situ\u00e9es dans le foie, et puise ensuite dans les muscles et la graisse, d\u00e9composant les tissus pour maintenir en vie le cerveau et les organes vitaux.<\/p>\n<p>\u00c0 mesure que ces r\u00e9serves s\u2019\u00e9puisent, le c\u0153ur perd de sa force, le syst\u00e8me immunitaire capitule, et l\u2019esprit commence \u00e0 s\u2019\u00e9teindre. La peau se resserre autour des os, et la respiration faiblit. Les organes commencent \u00e0 dysfonctionner les uns apr\u00e8s les autres, la vue se trouble, et le corps d\u00e9sormais vide se meurt, dans une effroyable agonie.<\/p>\n<p>Nous avons vu les <a href=\"https:\/\/www.cnn.com\/interactive\/2025\/07\/world\/photos-starvation-in-gaza-intl-cnnphotos\/\">images<\/a> de b\u00e9b\u00e9s et d\u2019enfants palestiniens au corps extr\u00eamement amaigri, consum\u00e9s par la faim dans les bras de leur m\u00e8re. Isra\u00ebl a malheureusement d\u00e9cid\u00e9 d\u2019intensifier sa guerre, en s\u2019engageant dans une campagne de \u00ab\u00a0conqu\u00eate\u00a0\u00bb de la ville de Gaza, qui risque de co\u00fbter la vie \u00e0 plusieurs milliers d\u2019autres civils palestiniens, soit par les bombes, soit par la famine.<\/p>\n<p>\u00ab\u00a0Il ne s\u2019agit plus d\u2019une crise alimentaire imminente\u00a0\u00bb, a <a href=\"https:\/\/www.ochaopt.org\/content\/mr-ramesh-rajasingham-director-coordination-division-ocha-behalf-tom-fletcher-under-secretary-general\">d\u00e9clar\u00e9<\/a> Ramesh Rajasingham, haut responsable humanitaire aux Nations Unies, devant le Conseil de S\u00e9curit\u00e9 de l\u2019ONU, le 10\u00a0ao\u00fbt. \u00ab\u00a0Il s\u2019agit d\u00e9sormais d\u2019une famine pure et simple\u00a0\u00bb. Expert dans le domaine de la malnutrition, Alex\u00a0de Waal <a href=\"https:\/\/www.newyorker.com\/news\/q-and-a\/how-to-prevent-more-starvation-deaths-in-gaza\">estime<\/a> que m\u00eame s\u2019ils avaient acc\u00e8s \u00e0 de la nourriture, plusieurs milliers d\u2019enfants gazaouis seraient aujourd\u2019hui trop faibles pour s\u2019alimenter. \u00ab\u00a0Ils sont arriv\u00e9s au stade de ce que l\u2019on appelle la malnutrition aigu\u00eb s\u00e9v\u00e8re, \u00e0 partir duquel leur corps n\u2019est tout simplement plus capable de dig\u00e9rer des aliments\u00a0\u00bb.<\/p>\n<p>La prise de conscience est croissante autour des crimes les plus graves commis par Isra\u00ebl \u00e0 Gaza, parmi lesquels le recours \u00e0 l\u2019affamement comme m\u00e9thode de guerre. Les organisations palestiniennes et internationales de d\u00e9fense des droits de l\u2019homme ont tir\u00e9 la sonnette d\u2019alarme sur cette question d\u00e8s les premiers mois qui ont suivi le d\u00e9clenchement de la guerre, et ce message est depuis repris par les pays de tous les continents, y compris par de nombreux Isra\u00e9liens. L\u2019ancien Premier ministre Ehud\u00a0Olmert <a href=\"https:\/\/www.pbs.org\/newshour\/show\/former-israeli-pm-olmert-explains-why-he-believes-his-country-is-committing-war-crimes\">d\u00e9nonce<\/a> ainsi ce qu\u2019il d\u00e9crit comme des crimes de guerre \u00e0 Gaza, de m\u00eame que les principales organisations isra\u00e9liennes des droits de l\u2019homme consid\u00e8rent les agissements de l\u2019\u00c9tat h\u00e9breu sur le territoire comme <a href=\"https:\/\/www.amnesty.org\/en\/latest\/news\/2025\/07\/israel-opt-israeli-organizations-conclude-israel-committing-genocide-against-palestinians-in-gaza-in-another-milestone-for-accountability-efforts\/\">comparables \u00e0 un g\u00e9nocide<\/a>.<\/p>\n<p>Le 9\u00a0octobre\u00a02023, deux jours apr\u00e8s le meurtre de plus de 1\u00a0200\u00a0Isra\u00e9liens et l\u2019enl\u00e8vement de plus de 200\u00a0otages par le Hamas \u2013 un terrible crime de guerre \u2013 le ministre isra\u00e9lien de la D\u00e9fense de l\u2019\u00e9poque, Yoav\u00a0Gallant <a href=\"https:\/\/www.govinfo.gov\/content\/pkg\/CREC-2024-06-03\/html\/CREC-2024-06-03-pt1-PgS3926-2.htm\">annonce<\/a>\u00a0: \u00ab\u00a0J\u2019ai ordonn\u00e9 un si\u00e8ge complet de la bande de Gaza. Il n\u2019y aura plus ni \u00e9lectricit\u00e9, ni nourriture, ni carburant. Tout est ferm\u00e9. Nous combattons des animaux humains, et nous agirons en cons\u00e9quence\u00a0\u00bb. D\u00e8s lors, la population de Gaza sera d\u00e9shumanis\u00e9e, et plus aucune distinction ne sera faite entre les civils et les combattants \u2013 ce qui est contraire \u00e0 l\u2019une des r\u00e8gles cardinales du droit humanitaire international. Ce si\u00e8ge emp\u00eachera tout approvisionnement de Gaza pendant 70\u00a0jours, imposant ainsi une punition collective.<\/p>\n<p>Ce premier si\u00e8ge a \u00e9t\u00e9 l\u00e9g\u00e8rement assoupli au d\u00e9but de l\u2019ann\u00e9e 2024, lorsqu\u2019Isra\u00ebl a r\u00e9autoris\u00e9 l\u2019entr\u00e9e de marchandises \u00e0 Gaza. En avril\u00a0de la m\u00eame ann\u00e9e, <a href=\"https:\/\/www.project-syndicate.org\/columnist\/samantha-power\">Samantha Power<\/a>, qui dirigeait alors l\u2019USAID, <a href=\"https:\/\/www.cnn.com\/2024\/04\/11\/politics\/samantha-power-famine-gaza\">avertissait<\/a> d\u00e9j\u00e0 sur un risque de famine dans certaines parties de la bande de Gaza. Le mois suivant, la directrice ex\u00e9cutive du Programme alimentaire mondial, Cindy\u00a0McCain, <a href=\"https:\/\/www.nbcnews.com\/politics\/politics-news\/world-food-programme-director-cindy-mccain-gaza-full-blown-famine-rcna150644\">parlait<\/a> de \u00ab\u00a0famine totale\u00a0\u00bb dans le nord de la r\u00e9gion.<\/p>\n<p>Le droit international interdit le recours \u00e0 l\u2019affamement comme m\u00e9thode de guerre. En tant que puissance occupante \u00e0 Gaza, Isra\u00ebl doit veiller \u00e0 ce que la population civile re\u00e7oive suffisamment de nourriture, d\u2019eau, de fournitures m\u00e9dicales et d\u2019autres produits de premi\u00e8re n\u00e9cessit\u00e9. Si ces produits sont introuvables \u00e0 Gaza, ils doivent pouvoir \u00eatre achemin\u00e9s depuis l\u2019ext\u00e9rieur, y compris en provenance d\u2019Isra\u00ebl.<\/p>\n<p>Depuis 21\u00a0mois, plusieurs gouvernements et agences d\u2019aide demandent \u00e0 Isra\u00ebl de les laisser proc\u00e9der \u00e0 des livraisons \u00e0 Gaza. L\u2019octroi de cette permission constitue une obligation l\u00e9gale\u00a0: Isra\u00ebl a le <a href=\"https:\/\/news.un.org\/en\/story\/2025\/04\/1161996\">devoir<\/a> de faciliter les programmes d\u2019aide d\u2019autres pays, en employant \u00ab\u00a0tous les moyens \u00e0 sa disposition\u00a0\u00bb. Or, Isra\u00ebl ne cesse de faire <a href=\"https:\/\/www.bbc.com\/news\/articles\/cj6ynz22871o\">obstacle<\/a> \u00e0 ces efforts. En ce moment m\u00eame, l\u2019\u00c9tat h\u00e9breu emp\u00eache les organisations humanitaires d\u2019acheminer de l\u2019aide.<\/p>\n<p>En janvier\u00a02024, au travers de d\u00e9cisions juridiquement contraignantes, la Cour internationale de justice a <a href=\"https:\/\/www.icj-cij.org\/node\/203447\">ordonn\u00e9<\/a> \u00e0 Isra\u00ebl de prendre \u00ab\u00a0des mesures imm\u00e9diates et efficaces pour permettre la fourniture des services de base et d\u2019une assistance humanitaire n\u00e9cessaires d\u2019urgence\u00a0\u00bb. Deux mois plus tard, la Cour <a href=\"https:\/\/www.icj-cij.org\/node\/203847\">r\u00e9affirmait<\/a> cette position, et exigeait que ces mesures soient mises en \u0153uvre \u00ab\u00a0en pleine coop\u00e9ration avec les Nations\u00a0Unies\u00a0\u00bb. Le syst\u00e8me humanitaire dirig\u00e9 par l\u2019ONU \u00e9tait le seul capable d\u2019emp\u00eacher une famine g\u00e9n\u00e9ralis\u00e9e \u00e0 Gaza. Au cours du cessez-le-feu intervenu cette ann\u00e9e de janvier \u00e0 mars, l\u2019ONU et plusieurs organisations humanitaires g\u00e9raient pas moins de <a href=\"https:\/\/www.aljazeera.com\/news\/longform\/2025\/5\/29\/visual-guide-to-how-the-gaza-aid-distribution-turmoil-unfolded\">400\u00a0sites de distribution d\u2019aide<\/a>. Isra\u00ebl a n\u00e9anmoins rompu le cessez-le-feu au mois de mars, ces sites ont \u00e9t\u00e9 ferm\u00e9s, et un nouveau si\u00e8ge a \u00e9t\u00e9 impos\u00e9 ill\u00e9galement.<\/p>\n<p>Isra\u00ebl a <a href=\"https:\/\/www.npr.org\/2025\/03\/02\/nx-s1-5314852\/israel-stops-aid-to-gaza\">justifi\u00e9<\/a> ce nouveau si\u00e8ge en affirmant couper les aides dans le but d\u2019exercer une pression plus importante sur le Hamas \u2013 reconnaissant ainsi user de la famine comme d\u2019une arme. Lorsque l\u2019aide a repris au mois de mai, l\u2019ONU a \u00e9t\u00e9 remplac\u00e9e dans ses efforts par la Gaza Humanitarian Foundation, une organisation priv\u00e9e de distribution de produits alimentaires, organis\u00e9e par Isra\u00ebl. Depuis, <a href=\"https:\/\/news.un.org\/en\/story\/2025\/08\/1165552\">pr\u00e8s de 1\u00a0400<\/a> Palestiniens ont \u00e9t\u00e9 tu\u00e9s par les forces isra\u00e9liennes alors qu\u2019ils tentaient d\u2019obtenir de la nourriture sur les quatre sites de distribution de la GHF.<\/p>\n<p>Pire encore, le syst\u00e8me mis en place par la GHF est vou\u00e9 \u00e0 l\u2019\u00e9chec. \u00ab\u00a0Notre analyse des colis alimentaires fournis par la GHF r\u00e9v\u00e8le que ce plan de distribution ne peut conduire qu\u2019\u00e0 une famine de masse, m\u00eame en l\u2019absence de violences\u00a0\u00bb, \u00e9nonce un <a href=\"https:\/\/www.ipcinfo.org\/fileadmin\/user_upload\/ipcinfo\/docs\/IPC_GazaStrip_Alert_July2025.pdf\">rapport<\/a> du Famine Review Committee du mois dernier.<\/p>\n<p>Selon le droit international, le crime de guerre consistant \u00e0 affamer une population est caract\u00e9ris\u00e9 d\u00e8s lors que d\u00e9bute la privation. Lorsqu\u2019il devient partie int\u00e9grante d\u2019une plus large politique visant \u00e0 \u00ab\u00a0d\u00e9truire, en tout ou partie, un groupe national, ethnique, racial ou religieux\u00a0\u00bb, ce crime est qualifi\u00e9 de g\u00e9nocide. Or, de nombreux hauts responsables isra\u00e9liens expriment ouvertement cette intention\u00a0: Gallant \u00e0 travers ses d\u00e9clarations d\u2019octobre\u00a02023, le ministre des Finances Bezalel Smotrich, qui a <a href=\"https:\/\/www.eeas.europa.eu\/eeas\/israelgaza-statement-high-representative-remarks-minister-smotrich-regarding-starving-civilians_en\">affirm\u00e9<\/a> en ao\u00fbt\u00a02024 qu\u2019il \u00ab\u00a0pourrait \u00eatre justifi\u00e9 et moral\u00a0\u00bb de \u00ab\u00a0faire mourir de faim deux millions de civils\u00a0\u00bb, ou encore Itamar Ben-Gvir, ministre de la S\u00e9curit\u00e9 nationale, qui a appel\u00e9 dans un <a href=\"https:\/\/www.aljazeera.com\/news\/2025\/4\/23\/ben-gvir-us-republicans-support-bombing-gaza-food-and-aid-depots\">tweet<\/a> \u00e0 \u00ab\u00a0bombarder\u00a0\u00bb les d\u00e9p\u00f4ts d\u2019aide et de nourriture.<\/p>\n<p>Les Palestiniens sont intentionnellement r\u00e9duits \u00e0 la famine. Alors que les signes annonciateurs des horreurs \u00e0 venir \u00e9taient \u00e9vidents d\u00e8s les premiers mois de la guerre, de nombreux gouvernements ont d\u00e9tourn\u00e9 le regard, s\u2019arrangeant avec leur conscience en consid\u00e9rant que le Hamas finirait par s\u2019emparer des livraisons \u2013 une affirmation \u00e0 l\u2019appui de laquelle Isra\u00ebl lui-m\u00eame explique d\u00e9sormais ne disposer d\u2019<a href=\"https:\/\/www.nytimes.com\/2025\/07\/26\/world\/middleeast\/hamas-un-aid-theft.html\">aucune preuve<\/a> \u2013 et fournissant plus de tonnes d\u2019armes \u00e0 Isra\u00ebl que de colis d\u2019aide \u00e0 Gaza. Les voici aujourd\u2019hui qui \u00e9chouent \u00e0 leur devoir consistant \u00e0 emp\u00eacher et stopper un g\u00e9nocide.<\/p>\n<p>L\u2019histoire restera marqu\u00e9e par cette p\u00e9riode, celle d\u2019une honte pour l\u2019humanit\u00e9. Figureront dans ses archives les images d\u2019enfants squelettiques, rang\u00e9es \u00e0 c\u00f4t\u00e9 de celles d\u2019autres \u00e9pisodes au cours desquels le monde n\u2019aura pas agi. Il ne nous reste plus qu\u2019\u00e0 esp\u00e9rer que le monde intervienne enfin pour pr\u00e9server au moins une partie de notre humanit\u00e9, avant que d\u2019autres enfants ne perdent la vie.<\/p>\n<p><strong>\u00a0<\/strong><\/p>\n<p><strong><em>Binaifer Nowrojee est pr\u00e9sidente des Open Society Foundations.<\/em><\/strong><\/p>\n<p>&nbsp;<\/p>\n<p><strong>Copyright: Project Syndicate, 2025.<br \/>\n<a href=\"http:\/\/www.project-syndicate.org\">www.project-syndicate.org<\/a><\/strong><\/p>\n","protected":false},"excerpt":{"rendered":"<p>NEW YORK \u2013 La famine est une destruction lente et silencieuse du corps. Priv\u00e9 de nutriments essentiels, l\u2019organisme commence par br\u00fbler les r\u00e9serves de sucre situ\u00e9es dans le foie, et puise ensuite dans les muscles et la graisse, d\u00e9composant les tissus pour maintenir en vie le cerveau et les organes vitaux. \u00c0 mesure que ces &hellip;<\/p>\n","protected":false},"author":2,"featured_media":17633,"comment_status":"open","ping_status":"open","sticky":false,"template":"","format":"standard","meta":{"footnotes":""},"categories":[18,29,19],"tags":[],"class_list":["post-17631","post","type-post","status-publish","format-standard","has-post-thumbnail","hentry","category-actualites","category-monde","category-tribune"],"_links":{"self":[{"href":"https:\/\/ladepeche.mr\/index.php?rest_route=\/wp\/v2\/posts\/17631","targetHints":{"allow":["GET"]}}],"collection":[{"href":"https:\/\/ladepeche.mr\/index.php?rest_route=\/wp\/v2\/posts"}],"about":[{"href":"https:\/\/ladepeche.mr\/index.php?rest_route=\/wp\/v2\/types\/post"}],"author":[{"embeddable":true,"href":"https:\/\/ladepeche.mr\/index.php?rest_route=\/wp\/v2\/users\/2"}],"replies":[{"embeddable":true,"href":"https:\/\/ladepeche.mr\/index.php?rest_route=%2Fwp%2Fv2%2Fcomments&post=17631"}],"version-history":[{"count":2,"href":"https:\/\/ladepeche.mr\/index.php?rest_route=\/wp\/v2\/posts\/17631\/revisions"}],"predecessor-version":[{"id":17634,"href":"https:\/\/ladepeche.mr\/index.php?rest_route=\/wp\/v2\/posts\/17631\/revisions\/17634"}],"wp:featuredmedia":[{"embeddable":true,"href":"https:\/\/ladepeche.mr\/index.php?rest_route=\/wp\/v2\/media\/17633"}],"wp:attachment":[{"href":"https:\/\/ladepeche.mr\/index.php?rest_route=%2Fwp%2Fv2%2Fmedia&parent=17631"}],"wp:term":[{"taxonomy":"category","embeddable":true,"href":"https:\/\/ladepeche.mr\/index.php?rest_route=%2Fwp%2Fv2%2Fcategories&post=17631"},{"taxonomy":"post_tag","embeddable":true,"href":"https:\/\/ladepeche.mr\/index.php?rest_route=%2Fwp%2Fv2%2Ftags&post=17631"}],"curies":[{"name":"wp","href":"https:\/\/api.w.org\/{rel}","templated":true}]}}