{"id":17642,"date":"2025-08-20T10:44:31","date_gmt":"2025-08-20T10:44:31","guid":{"rendered":"https:\/\/ladepeche.mr\/?p=17642"},"modified":"2025-08-20T10:44:31","modified_gmt":"2025-08-20T10:44:31","slug":"energie-le-gouvernement-accelere-ses-projets-de-production-et-de-distribution-electrique","status":"publish","type":"post","link":"https:\/\/ladepeche.mr\/?p=17642","title":{"rendered":"\u00c9nergie : Le gouvernement acc\u00e9l\u00e8re ses projets de production et de distribution \u00e9lectrique"},"content":{"rendered":"<p data-start=\"264\" data-end=\"620\">Les d\u00e9lestages ne seront plus qu\u2019un vieux souvenir si l\u2019on en croit les d\u00e9clarations faites par des responsables du d\u00e9partement concern\u00e9. En effet, selon le directeur g\u00e9n\u00e9ral de l\u2019\u00e9lectricit\u00e9 et des \u00e9nergies renouvelables, Mohamed El Mokhtar Ahmed Mouloud, interview\u00e9 par nos confr\u00e8res de l\u2019Ami, de r\u00e9centes avanc\u00e9es dans secteur \u00e9nerg\u00e9tique sont enregistr\u00e9es au moment o\u00f9 un programme d\u2019urgence visant \u00e0 renforcer la production \u00e9lectrique dans cinquante moughataas de l\u2019int\u00e9rieur du pays est en cours.<\/p>\n<p data-start=\"622\" data-end=\"981\">Le responsable argue aussi que l\u2019augmentation de la capacit\u00e9 de la centrale de Boulenouar, a \u00e9t\u00e9 port\u00e9e \u00e0 80 m\u00e9gawatts au moment o\u00f9 il a \u00e9t\u00e9 proc\u00e9d\u00e9 au lancement des travaux d\u2019extension de la centrale de Nouakchott-Nord avec une nouvelle unit\u00e9 de 60 m\u00e9gawatts. Ould Ahmed Mouloud confie, ailleurs, qu\u2019un projet de construction d\u2019une centrale d\u2019\u00e9nergie renouvelable dot\u00e9e d\u2019un syst\u00e8me de stockage de m\u00eame capacit\u00e9 a \u00e9t\u00e9 acc\u00e9l\u00e9r\u00e9.<\/p>\n<p data-start=\"983\" data-end=\"1180\">Dans une perspective de diversification \u00e9nerg\u00e9tique, deux nouvelles centrales \u00e0 gaz d\u2019une capacit\u00e9 totale de 525 m\u00e9gawatts sont \u00e0 l\u2019\u00e9tude, dont l\u2019une sera aliment\u00e9e par le gaz du gisement de Banda note la m\u00eame source.<\/p>\n<p data-start=\"1182\" data-end=\"1529\">Le responsable a \u00e9galement fait \u00e9tat d\u2019une am\u00e9lioration du r\u00e9seau \u00e9lectrique national, notamment \u00e0 travers l\u2019acc\u00e9l\u00e9ration des travaux sur la ligne haute tension Nouakchott-Zou\u00e9rate et la cr\u00e9ation d\u2019une interconnexion avec le S\u00e9n\u00e9gal. Un appel d\u2019offres est attendu avant la fin de l\u2019ann\u00e9e pour la construction d\u2019une ligne reliant Nouakchott \u00e0 N\u00e9ma.<\/p>\n<p data-start=\"1531\" data-end=\"1823\">Dans le cadre du programme de d\u00e9veloppement urgent de Nouakchott, une enveloppe de 17 milliards d\u2019anciennes ouguiyas a \u00e9t\u00e9 mobilis\u00e9e pour am\u00e9liorer la distribution, incluant l\u2019installation de 40 transformateurs, l\u2019extension de 150 km de c\u00e2bles souterrains et 200 km de lignes moyenne tension.<\/p>\n<p data-start=\"1825\" data-end=\"2093\">Enfin, El Mokhtar Ahmed Mouloud a r\u00e9affirm\u00e9 l\u2019engagement du minist\u00e8re \u00e0 \u00e9tendre l\u2019\u00e9lectrification rurale, avec un financement national d\u00e9passant 45 milliards d\u2019anciennes ouguiyas, compl\u00e9t\u00e9 par des fonds ext\u00e9rieurs visant des centaines de villages \u00e0 travers le pays.<\/p>\n","protected":false},"excerpt":{"rendered":"<p>Les d\u00e9lestages ne seront plus qu\u2019un vieux souvenir si l\u2019on en croit les d\u00e9clarations faites par des responsables du d\u00e9partement concern\u00e9. En effet, selon le directeur g\u00e9n\u00e9ral de l\u2019\u00e9lectricit\u00e9 et des \u00e9nergies renouvelables, Mohamed El Mokhtar Ahmed Mouloud, interview\u00e9 par nos confr\u00e8res de l\u2019Ami, de r\u00e9centes avanc\u00e9es dans secteur \u00e9nerg\u00e9tique sont enregistr\u00e9es au moment o\u00f9 &hellip;<\/p>\n","protected":false},"author":2,"featured_media":17643,"comment_status":"open","ping_status":"open","sticky":false,"template":"","format":"standard","meta":{"footnotes":""},"categories":[18,2],"tags":[],"class_list":["post-17642","post","type-post","status-publish","format-standard","has-post-thumbnail","hentry","category-actualites","category-economie"],"_links":{"self":[{"href":"https:\/\/ladepeche.mr\/index.php?rest_route=\/wp\/v2\/posts\/17642","targetHints":{"allow":["GET"]}}],"collection":[{"href":"https:\/\/ladepeche.mr\/index.php?rest_route=\/wp\/v2\/posts"}],"about":[{"href":"https:\/\/ladepeche.mr\/index.php?rest_route=\/wp\/v2\/types\/post"}],"author":[{"embeddable":true,"href":"https:\/\/ladepeche.mr\/index.php?rest_route=\/wp\/v2\/users\/2"}],"replies":[{"embeddable":true,"href":"https:\/\/ladepeche.mr\/index.php?rest_route=%2Fwp%2Fv2%2Fcomments&post=17642"}],"version-history":[{"count":1,"href":"https:\/\/ladepeche.mr\/index.php?rest_route=\/wp\/v2\/posts\/17642\/revisions"}],"predecessor-version":[{"id":17644,"href":"https:\/\/ladepeche.mr\/index.php?rest_route=\/wp\/v2\/posts\/17642\/revisions\/17644"}],"wp:featuredmedia":[{"embeddable":true,"href":"https:\/\/ladepeche.mr\/index.php?rest_route=\/wp\/v2\/media\/17643"}],"wp:attachment":[{"href":"https:\/\/ladepeche.mr\/index.php?rest_route=%2Fwp%2Fv2%2Fmedia&parent=17642"}],"wp:term":[{"taxonomy":"category","embeddable":true,"href":"https:\/\/ladepeche.mr\/index.php?rest_route=%2Fwp%2Fv2%2Fcategories&post=17642"},{"taxonomy":"post_tag","embeddable":true,"href":"https:\/\/ladepeche.mr\/index.php?rest_route=%2Fwp%2Fv2%2Ftags&post=17642"}],"curies":[{"name":"wp","href":"https:\/\/api.w.org\/{rel}","templated":true}]}}