{"id":17645,"date":"2025-08-20T10:53:29","date_gmt":"2025-08-20T10:53:29","guid":{"rendered":"https:\/\/ladepeche.mr\/?p=17645"},"modified":"2025-08-20T10:53:29","modified_gmt":"2025-08-20T10:53:29","slug":"le-president-de-la-republique-participe-a-la-seance-douverture-de-la-neuvieme-edition-de-la-ticad","status":"publish","type":"post","link":"https:\/\/ladepeche.mr\/?p=17645","title":{"rendered":"Le Pr\u00e9sident de la R\u00e9publique participe \u00e0 la s\u00e9ance d\u2019ouverture de la neuvi\u00e8me \u00e9dition de la TICAD"},"content":{"rendered":"<p>Son Excellence le Pr\u00e9sident de la R\u00e9publique, M. Mohamed Ould Cheikh El Ghazouani, a particip\u00e9 mercredi matin \u00e0 la s\u00e9ance d\u2019ouverture de la 9e \u00e9dition du Forum international de Tokyo sur le d\u00e9veloppement de l\u2019Afrique, qui se tient dans la ville japonaise de Yokohama.<\/p>\n<p>Organis\u00e9e sous le th\u00e8me \u00ab Co-cr\u00e9er des solutions innovantes avec l\u2019Afrique \u00bb, cette \u00e9dition du sommet constitue une plateforme dynamique et vivante pour approfondir les partenariats, trouver des solutions innovantes et construire une vision commune pour un avenir prosp\u00e8re et durable pour l\u2019Afrique et le monde.<\/p>\n<p>Cette conf\u00e9rence se concentre sur trois axes principaux : renforcer le r\u00f4le du secteur priv\u00e9 dans la promotion d\u2019une croissance durable, autonomiser les jeunes et les femmes, et renforcer l\u2019int\u00e9gration r\u00e9gionale.<\/p>\n<p>Ami<\/p>\n","protected":false},"excerpt":{"rendered":"<p>Son Excellence le Pr\u00e9sident de la R\u00e9publique, M. Mohamed Ould Cheikh El Ghazouani, a particip\u00e9 mercredi matin \u00e0 la s\u00e9ance d\u2019ouverture de la 9e \u00e9dition du Forum international de Tokyo sur le d\u00e9veloppement de l\u2019Afrique, qui se tient dans la ville japonaise de Yokohama. Organis\u00e9e sous le th\u00e8me \u00ab Co-cr\u00e9er des solutions innovantes avec l\u2019Afrique &hellip;<\/p>\n","protected":false},"author":2,"featured_media":17646,"comment_status":"open","ping_status":"open","sticky":false,"template":"","format":"standard","meta":{"footnotes":""},"categories":[18,2,29],"tags":[],"class_list":["post-17645","post","type-post","status-publish","format-standard","has-post-thumbnail","hentry","category-actualites","category-economie","category-monde"],"_links":{"self":[{"href":"https:\/\/ladepeche.mr\/index.php?rest_route=\/wp\/v2\/posts\/17645","targetHints":{"allow":["GET"]}}],"collection":[{"href":"https:\/\/ladepeche.mr\/index.php?rest_route=\/wp\/v2\/posts"}],"about":[{"href":"https:\/\/ladepeche.mr\/index.php?rest_route=\/wp\/v2\/types\/post"}],"author":[{"embeddable":true,"href":"https:\/\/ladepeche.mr\/index.php?rest_route=\/wp\/v2\/users\/2"}],"replies":[{"embeddable":true,"href":"https:\/\/ladepeche.mr\/index.php?rest_route=%2Fwp%2Fv2%2Fcomments&post=17645"}],"version-history":[{"count":1,"href":"https:\/\/ladepeche.mr\/index.php?rest_route=\/wp\/v2\/posts\/17645\/revisions"}],"predecessor-version":[{"id":17647,"href":"https:\/\/ladepeche.mr\/index.php?rest_route=\/wp\/v2\/posts\/17645\/revisions\/17647"}],"wp:featuredmedia":[{"embeddable":true,"href":"https:\/\/ladepeche.mr\/index.php?rest_route=\/wp\/v2\/media\/17646"}],"wp:attachment":[{"href":"https:\/\/ladepeche.mr\/index.php?rest_route=%2Fwp%2Fv2%2Fmedia&parent=17645"}],"wp:term":[{"taxonomy":"category","embeddable":true,"href":"https:\/\/ladepeche.mr\/index.php?rest_route=%2Fwp%2Fv2%2Fcategories&post=17645"},{"taxonomy":"post_tag","embeddable":true,"href":"https:\/\/ladepeche.mr\/index.php?rest_route=%2Fwp%2Fv2%2Ftags&post=17645"}],"curies":[{"name":"wp","href":"https:\/\/api.w.org\/{rel}","templated":true}]}}