{"id":17659,"date":"2025-08-20T11:07:54","date_gmt":"2025-08-20T11:07:54","guid":{"rendered":"https:\/\/ladepeche.mr\/?p=17659"},"modified":"2025-08-20T11:08:11","modified_gmt":"2025-08-20T11:08:11","slug":"le-president-de-la-republique-tient-une-reunion-avec-le-premier-ministre-japonais","status":"publish","type":"post","link":"https:\/\/ladepeche.mr\/?p=17659","title":{"rendered":"TICAD9: Le Pr\u00e9sident de la R\u00e9publique tient une r\u00e9union avec le Premier ministre japonais"},"content":{"rendered":"<article id=\"post-277590\" class=\"post-277590 post type-post status-publish format-standard has-post-thumbnail category-fil-dactualite category-25 category-slider-afficher single-post-content has-thumbnail\">\n<div class=\"entry-content clearfix single-post-content\">\n<p>Son Excellence le Pr\u00e9sident de la R\u00e9publique, M. Mohamed Ould Cheikh El Ghazouani, a tenu mercredi une r\u00e9union avec le Premier ministre japonais, M. Shigeru Ishiba, en marge de la neuvi\u00e8me \u00e9dition de la Conf\u00e9rence internationale de Tokyo sur le d\u00e9veloppement de l\u2019Afrique (TICAD 9) qui se tient dans la ville japonaise de Yokohama.<\/p>\n<div class=\"heateorSssClear\">Ami<\/div>\n<\/div>\n<\/article>\n","protected":false},"excerpt":{"rendered":"<p>Son Excellence le Pr\u00e9sident de la R\u00e9publique, M. Mohamed Ould Cheikh El Ghazouani, a tenu mercredi une r\u00e9union avec le Premier ministre japonais, M. Shigeru Ishiba, en marge de la neuvi\u00e8me \u00e9dition de la Conf\u00e9rence internationale de Tokyo sur le d\u00e9veloppement de l\u2019Afrique (TICAD 9) qui se tient dans la ville japonaise de Yokohama. Ami<\/p>\n","protected":false},"author":2,"featured_media":17657,"comment_status":"open","ping_status":"open","sticky":false,"template":"","format":"standard","meta":{"footnotes":""},"categories":[18,2],"tags":[],"class_list":["post-17659","post","type-post","status-publish","format-standard","has-post-thumbnail","hentry","category-actualites","category-economie"],"_links":{"self":[{"href":"https:\/\/ladepeche.mr\/index.php?rest_route=\/wp\/v2\/posts\/17659","targetHints":{"allow":["GET"]}}],"collection":[{"href":"https:\/\/ladepeche.mr\/index.php?rest_route=\/wp\/v2\/posts"}],"about":[{"href":"https:\/\/ladepeche.mr\/index.php?rest_route=\/wp\/v2\/types\/post"}],"author":[{"embeddable":true,"href":"https:\/\/ladepeche.mr\/index.php?rest_route=\/wp\/v2\/users\/2"}],"replies":[{"embeddable":true,"href":"https:\/\/ladepeche.mr\/index.php?rest_route=%2Fwp%2Fv2%2Fcomments&post=17659"}],"version-history":[{"count":2,"href":"https:\/\/ladepeche.mr\/index.php?rest_route=\/wp\/v2\/posts\/17659\/revisions"}],"predecessor-version":[{"id":17661,"href":"https:\/\/ladepeche.mr\/index.php?rest_route=\/wp\/v2\/posts\/17659\/revisions\/17661"}],"wp:featuredmedia":[{"embeddable":true,"href":"https:\/\/ladepeche.mr\/index.php?rest_route=\/wp\/v2\/media\/17657"}],"wp:attachment":[{"href":"https:\/\/ladepeche.mr\/index.php?rest_route=%2Fwp%2Fv2%2Fmedia&parent=17659"}],"wp:term":[{"taxonomy":"category","embeddable":true,"href":"https:\/\/ladepeche.mr\/index.php?rest_route=%2Fwp%2Fv2%2Fcategories&post=17659"},{"taxonomy":"post_tag","embeddable":true,"href":"https:\/\/ladepeche.mr\/index.php?rest_route=%2Fwp%2Fv2%2Ftags&post=17659"}],"curies":[{"name":"wp","href":"https:\/\/api.w.org\/{rel}","templated":true}]}}