{"id":17662,"date":"2025-08-20T12:00:02","date_gmt":"2025-08-20T12:00:02","guid":{"rendered":"https:\/\/ladepeche.mr\/?p=17662"},"modified":"2025-08-20T11:24:29","modified_gmt":"2025-08-20T11:24:29","slug":"voyages-lue-informe-de-nouvelles-mesures-pour-les-voyageurs","status":"publish","type":"post","link":"https:\/\/ladepeche.mr\/?p=17662","title":{"rendered":"Voyages: L\u2019Ue informe de nouvelles mesures pour les voyageurs"},"content":{"rendered":"<div dir=\"ltr\">La d\u00e9l\u00e9gation de l\u2019Ue en Mauritanie a r\u00e9percut\u00e9 mardi des informations de la<\/div>\n<div dir=\"ltr\">Commission europ\u00e9enne relatives \u00e0 l\u2019entr\u00e9e en vigueur prochaine d\u2019un nouveau syst\u00e8me de contr\u00f4le d\u2019identit\u00e9 des ressortissants \u00e9trangers.<\/div>\n<div dir=\"ltr\"><\/div>\n<div dir=\"ltr\">Une date de lancement du syst\u00e8me d&#8217;entr\u00e9e\/sortie (EES) a \u00e9t\u00e9 fix\u00e9e au 12 octobre 2025.<\/div>\n<div dir=\"ltr\">Date \u00e0 partir de laquelle \u00ab\u00a0l&#8217;EES, qui est un syst\u00e8me \u00e9lectronique d\u2019enregistrement des entr\u00e9es et sorties des ressortissants de pays tiers \u00e0 l&#8217;espace Schengen, sera progressivement mis en place aux fronti\u00e8res ext\u00e9rieures de 29 pays europ\u00e9ens, sur une p\u00e9riode de six mois.\u00a0\u00bb.<\/div>\n<div dir=\"ltr\"><\/div>\n<div dir=\"ltr\">Une p\u00e9riode cens\u00e9e donner \u00ab\u00a0aux autorit\u00e9s frontali\u00e8res, aux voyageurs et au secteur des transports plus de temps pour s&#8217;adapter aux nouvelles proc\u00e9dures\u00a0\u00bb progressivement.<\/div>\n<div dir=\"ltr\"><\/div>\n<div dir=\"ltr\">L&#8217;EES, destin\u00e9 \u00e0 la lutte contre la migration irr\u00e9guli\u00e8re dans l\u2019espace Schengen, enregistrera les donn\u00e9es biom\u00e9triques dans le visa \u00ab\u00a0telles que les empreintes digitales, les images faciales et d&#8217;autres informations relatives au voyage.\u00a0\u00bb.<\/div>\n<div dir=\"ltr\">N\u00e9anmoins, la Commission assure que le nouveau syst\u00e8me informatique \u00ab\u00a0r\u00e9pond aux normes les plus strictes en mati\u00e8re de protection des donn\u00e9es et de la vie priv\u00e9e, garantissant la protection et la s\u00e9curit\u00e9 des donn\u00e9es personnelles des voyageurs.\u00a0\u00bb.<\/div>\n<div dir=\"ltr\">Objet de vagues migratoires massives et dirig\u00e9e, pour la plupart des pays, par des partis de droite, l\u2019Ue qui tente de se barricader a \u00e9galement sign\u00e9 plusieurs accords de coop\u00e9ration avec les pays \u00e9metteurs notamment en Afrique et Asie.<\/div>\n","protected":false},"excerpt":{"rendered":"<p>La d\u00e9l\u00e9gation de l\u2019Ue en Mauritanie a r\u00e9percut\u00e9 mardi des informations de la Commission europ\u00e9enne relatives \u00e0 l\u2019entr\u00e9e en vigueur prochaine d\u2019un nouveau syst\u00e8me de contr\u00f4le d\u2019identit\u00e9 des ressortissants \u00e9trangers. Une date de lancement du syst\u00e8me d&#8217;entr\u00e9e\/sortie (EES) a \u00e9t\u00e9 fix\u00e9e au 12 octobre 2025. Date \u00e0 partir de laquelle \u00ab\u00a0l&#8217;EES, qui est un syst\u00e8me &hellip;<\/p>\n","protected":false},"author":2,"featured_media":17663,"comment_status":"open","ping_status":"open","sticky":false,"template":"","format":"standard","meta":{"footnotes":""},"categories":[18,29],"tags":[],"class_list":["post-17662","post","type-post","status-publish","format-standard","has-post-thumbnail","hentry","category-actualites","category-monde"],"_links":{"self":[{"href":"https:\/\/ladepeche.mr\/index.php?rest_route=\/wp\/v2\/posts\/17662","targetHints":{"allow":["GET"]}}],"collection":[{"href":"https:\/\/ladepeche.mr\/index.php?rest_route=\/wp\/v2\/posts"}],"about":[{"href":"https:\/\/ladepeche.mr\/index.php?rest_route=\/wp\/v2\/types\/post"}],"author":[{"embeddable":true,"href":"https:\/\/ladepeche.mr\/index.php?rest_route=\/wp\/v2\/users\/2"}],"replies":[{"embeddable":true,"href":"https:\/\/ladepeche.mr\/index.php?rest_route=%2Fwp%2Fv2%2Fcomments&post=17662"}],"version-history":[{"count":1,"href":"https:\/\/ladepeche.mr\/index.php?rest_route=\/wp\/v2\/posts\/17662\/revisions"}],"predecessor-version":[{"id":17664,"href":"https:\/\/ladepeche.mr\/index.php?rest_route=\/wp\/v2\/posts\/17662\/revisions\/17664"}],"wp:featuredmedia":[{"embeddable":true,"href":"https:\/\/ladepeche.mr\/index.php?rest_route=\/wp\/v2\/media\/17663"}],"wp:attachment":[{"href":"https:\/\/ladepeche.mr\/index.php?rest_route=%2Fwp%2Fv2%2Fmedia&parent=17662"}],"wp:term":[{"taxonomy":"category","embeddable":true,"href":"https:\/\/ladepeche.mr\/index.php?rest_route=%2Fwp%2Fv2%2Fcategories&post=17662"},{"taxonomy":"post_tag","embeddable":true,"href":"https:\/\/ladepeche.mr\/index.php?rest_route=%2Fwp%2Fv2%2Ftags&post=17662"}],"curies":[{"name":"wp","href":"https:\/\/api.w.org\/{rel}","templated":true}]}}