{"id":17675,"date":"2025-08-20T14:50:38","date_gmt":"2025-08-20T14:50:38","guid":{"rendered":"https:\/\/ladepeche.mr\/?p=17675"},"modified":"2025-08-20T14:50:38","modified_gmt":"2025-08-20T14:50:38","slug":"amnesty-international-denonce-une-campagne-de-famine-deliberee-menee-par-israel-a-gaza","status":"publish","type":"post","link":"https:\/\/ladepeche.mr\/?p=17675","title":{"rendered":"Amnesty International d\u00e9nonce une &#8220;campagne de famine d\u00e9lib\u00e9r\u00e9e&#8221; men\u00e9e par Isra\u00ebl \u00e0 Gaza"},"content":{"rendered":"<div class=\"article-part article-lead\">Isra\u00ebl m\u00e8ne \u00e0 Gaza une &#8220;campagne de famine d\u00e9lib\u00e9r\u00e9e&#8221;, estime Amnesty International dans un communiqu\u00e9 publi\u00e9 lundi, alors que l&#8217;ONU et de nombreuses ONG ne cessent de mettre en garde contre une famine imminente dans le territoire palestinien.<\/div>\n<div class=\"article-part article-body\">\n<p>Cette campagne d\u00e9truit &#8220;syst\u00e9matiquement la sant\u00e9, le bien-\u00eatre et le tissu social&#8221; dans la bande de Gaza, \u00e9crit l&#8217;organisation de d\u00e9fense des droits humains apr\u00e8s avoir men\u00e9 des entretiens avec 19 Gazaouis vivant dans des camps de d\u00e9plac\u00e9s et deux membres du personnel m\u00e9dical traitant des enfants souffrant de malnutrition.<\/p>\n<p>Pour l&#8217;ONG, les t\u00e9moignages qu&#8217;elle a recueillis confirment que &#8220;la combinaison mortelle de la faim et de la maladie n&#8217;est pas une cons\u00e9quence malheureuse des op\u00e9rations militaires isra\u00e9liennes&#8221;.<\/p>\n<p>&#8220;C&#8217;est le r\u00e9sultat intentionnel de plans et de politiques qu&#8217;Isra\u00ebl a con\u00e7us et mis en \u0153uvre, au cours des 22 derniers mois, pour infliger d\u00e9lib\u00e9r\u00e9ment aux Palestiniens de Gaza des conditions de vie calcul\u00e9es pour entra\u00eener leur destruction physique \u2013 ce qui fait partie int\u00e9grante du g\u00e9nocide en cours d&#8217;Isra\u00ebl contre les Palestiniens \u00e0 Gaza&#8221;, juge-t-elle.<\/p>\n<p>Sollicit\u00e9es pour une r\u00e9action, les Affaires \u00e9trang\u00e8res et l&#8217;arm\u00e9e isra\u00e9liennes n&#8217;ont pour l&#8217;heure pas r\u00e9agi.<\/p>\n<h2>Aide humanitaire insuffisante<\/h2>\n<p>Amnesty International avait accus\u00e9 en avril les autorit\u00e9s isra\u00e9liennes de commettre un &#8220;g\u00e9nocide en direct&#8221; \u00e0 Gaza, all\u00e9gations qualifi\u00e9es de &#8220;mensonges sans fondement&#8221; par le minist\u00e8re des Affaires \u00e9trang\u00e8res isra\u00e9lien.<\/p>\n<p>Isra\u00ebl assi\u00e8ge dans l&#8217;enclave plus de 2 millions de Palestiniens et Palestiniennes, qu&#8217;il a soumis d\u00e9but mars \u00e0 un blocus humanitaire total, ensuite sommairement all\u00e9g\u00e9 en mai puis fin juillet face aux critiques internationales.<\/p>\n<p>L&#8217;entr\u00e9e de l&#8217;aide humanitaire dans la bande de Gaza est jug\u00e9e encore largement insuffisante par de nombreuses organisations.<\/p>\n<p>Source:<a href=\"https:\/\/www.rts.ch\/info\/monde\/2025\/article\/amnesty-denonce-une-campagne-de-famine-deliberee-d-israel-a-gaza-28970913.html\">Amnesty International d\u00e9nonce une &#8220;campagne de famine d\u00e9lib\u00e9r\u00e9e&#8221; men\u00e9e par Isra\u00ebl \u00e0 Gaza &#8211; rts.ch &#8211; Monde<\/a><\/p>\n<\/div>\n","protected":false},"excerpt":{"rendered":"<p>Isra\u00ebl m\u00e8ne \u00e0 Gaza une &#8220;campagne de famine d\u00e9lib\u00e9r\u00e9e&#8221;, estime Amnesty International dans un communiqu\u00e9 publi\u00e9 lundi, alors que l&#8217;ONU et de nombreuses ONG ne cessent de mettre en garde contre une famine imminente dans le territoire palestinien. Cette campagne d\u00e9truit &#8220;syst\u00e9matiquement la sant\u00e9, le bien-\u00eatre et le tissu social&#8221; dans la bande de Gaza, &hellip;<\/p>\n","protected":false},"author":2,"featured_media":17676,"comment_status":"open","ping_status":"open","sticky":false,"template":"","format":"standard","meta":{"footnotes":""},"categories":[18,29],"tags":[],"class_list":["post-17675","post","type-post","status-publish","format-standard","has-post-thumbnail","hentry","category-actualites","category-monde"],"_links":{"self":[{"href":"https:\/\/ladepeche.mr\/index.php?rest_route=\/wp\/v2\/posts\/17675","targetHints":{"allow":["GET"]}}],"collection":[{"href":"https:\/\/ladepeche.mr\/index.php?rest_route=\/wp\/v2\/posts"}],"about":[{"href":"https:\/\/ladepeche.mr\/index.php?rest_route=\/wp\/v2\/types\/post"}],"author":[{"embeddable":true,"href":"https:\/\/ladepeche.mr\/index.php?rest_route=\/wp\/v2\/users\/2"}],"replies":[{"embeddable":true,"href":"https:\/\/ladepeche.mr\/index.php?rest_route=%2Fwp%2Fv2%2Fcomments&post=17675"}],"version-history":[{"count":1,"href":"https:\/\/ladepeche.mr\/index.php?rest_route=\/wp\/v2\/posts\/17675\/revisions"}],"predecessor-version":[{"id":17677,"href":"https:\/\/ladepeche.mr\/index.php?rest_route=\/wp\/v2\/posts\/17675\/revisions\/17677"}],"wp:featuredmedia":[{"embeddable":true,"href":"https:\/\/ladepeche.mr\/index.php?rest_route=\/wp\/v2\/media\/17676"}],"wp:attachment":[{"href":"https:\/\/ladepeche.mr\/index.php?rest_route=%2Fwp%2Fv2%2Fmedia&parent=17675"}],"wp:term":[{"taxonomy":"category","embeddable":true,"href":"https:\/\/ladepeche.mr\/index.php?rest_route=%2Fwp%2Fv2%2Fcategories&post=17675"},{"taxonomy":"post_tag","embeddable":true,"href":"https:\/\/ladepeche.mr\/index.php?rest_route=%2Fwp%2Fv2%2Ftags&post=17675"}],"curies":[{"name":"wp","href":"https:\/\/api.w.org\/{rel}","templated":true}]}}