{"id":17680,"date":"2025-08-20T19:26:49","date_gmt":"2025-08-20T19:26:49","guid":{"rendered":"https:\/\/ladepeche.mr\/?p=17680"},"modified":"2025-08-20T19:26:49","modified_gmt":"2025-08-20T19:26:49","slug":"le-president-de-la-republique-la-mauritanie-sest-efforcee-de-concilier-les-exigences-du-developpement-et-les-contraintes-liees-a-laccueil-des-refugies","status":"publish","type":"post","link":"https:\/\/ladepeche.mr\/?p=17680","title":{"rendered":"Le Pr\u00e9sident de la R\u00e9publique: la Mauritanie s\u2019est efforc\u00e9e de concilier les exigences du d\u00e9veloppement et les contraintes li\u00e9es \u00e0 l\u2019accueil des r\u00e9fugi\u00e9s"},"content":{"rendered":"<p>Son Excellence le Pr\u00e9sident de la R\u00e9publique, M. Mohamed Ould Cheikh El Ghazouani, a d\u00e9clar\u00e9 que la Mauritanie, pays de paix, d\u2019hospitalit\u00e9 et de stabilit\u00e9, a \u00e9t\u00e9 confront\u00e9e pendant plusieurs ann\u00e9es \u00e0 un afflux croissant de r\u00e9fugi\u00e9s, mais, qu\u2019en d\u00e9pit de ses moyens limit\u00e9s, elle s\u2019est efforc\u00e9e de concilier les exigences du d\u00e9veloppement durable et les contraintes li\u00e9es \u00e0 l\u2019accueil des r\u00e9fugi\u00e9s, sans fermer ses portes, et a choisi, en accord avec les valeurs de solidarit\u00e9 africaine et de fraternit\u00e9 humaine, de faire de son territoire un refuge s\u00fbr pour les r\u00e9fugi\u00e9s.<\/p>\n<p>Dans un discours prononc\u00e9, mercredi \u00e0 Yokohama, lors d\u2019un s\u00e9minaire de haut niveau sur les r\u00e9fugi\u00e9s organis\u00e9 par l\u2019Agence japonaise de Coop\u00e9ration internationale et le Haut-Commissariat des Nations unies pour les r\u00e9fugi\u00e9s, il a ajout\u00e9 que la Mauritanie accueillait sur son territoire plus de 309 000 r\u00e9fugi\u00e9s dont le camp de M\u2019bera, situ\u00e9 dans la r\u00e9gion du Hodh Charghi, qui accueille, \u00e0 lui seul, plus de 120 000 r\u00e9fugi\u00e9s, d\u00e9passant ainsi sa capacit\u00e9 d\u2019accueil initiale de 70 000 personnes.<\/p>\n<p>Il a soulign\u00e9 que ce camp est ainsi devenu la deuxi\u00e8me plus grande agglom\u00e9ration du pays apr\u00e8s la ville de Nouakchott.<\/p>\n<p>Son Excellence le Pr\u00e9sident de la R\u00e9publique a, \u00e9galement, soulign\u00e9 qu\u2019en plus de cela, plus de 173 000 r\u00e9fugi\u00e9s vivent aujourd\u2019hui au sein des communaut\u00e9s d\u2019accueil dans 76 communies, leur nombre d\u00e9passant parfois celui des habitants des villages locaux. Il a ajout\u00e9 que cette solidarit\u00e9 exemplaire a un co\u00fbt \u00e9lev\u00e9 et que les besoins fondamentaux augmentent tandis que les ressources diminuent.<\/p>\n<p>Il a expliqu\u00e9 que ce mod\u00e8le de solidarit\u00e9 ne peut perdurer qu\u2019avec le soutien accru de la communaut\u00e9 internationale, renouvelant son appel \u00e0 la solidarit\u00e9 internationale pour soutenir les r\u00e9fugi\u00e9s et les pays d\u2019accueil, et lutter contre les causes de l\u2019exil que sont les conflits, l\u2019ins\u00e9curit\u00e9 et l\u2019injustice.<\/p>\n<p>Son Excellence le Pr\u00e9sident de la R\u00e9publique a soulign\u00e9 que le d\u00e9placement forc\u00e9 de millions de personnes constitue un fardeau croissant pour le continent africain, et un d\u00e9fi mondial majeur et urgent, qui impose \u00e0 la communaut\u00e9 internationale d\u2019assumer sa responsabilit\u00e9 commune, estimant que le nombre de r\u00e9fugi\u00e9s a atteint un niveau sans pr\u00e9c\u00e9dent au cours de la derni\u00e8re d\u00e9cennie, d\u00e9passant en 2024 les 120 millions de r\u00e9fugi\u00e9s dans le monde.<\/p>\n<p>Il a ajout\u00e9 que les ressources que la communaut\u00e9 internationale est cens\u00e9e fournir pour aider ces r\u00e9fugi\u00e9s et soutenir les pays d\u2019accueil ne sont pas \u00e0 la hauteur de ces chiffres, ce qui a accru la pression sur les pays d\u2019accueil, aggrav\u00e9 la pr\u00e9carit\u00e9 de la situation des r\u00e9fugi\u00e9s et entrav\u00e9 les efforts d\u00e9ploy\u00e9s pour garantir leurs droits.<\/p>\n<p>Son Excellence le Pr\u00e9sident de la R\u00e9publique a expliqu\u00e9 que ce colloque offre une occasion pr\u00e9cieuse de dialoguer sur la question des r\u00e9fugi\u00e9s et les trag\u00e9dies humanitaires auxquelles ils sont confront\u00e9s, exprimant son espoir qu\u2019il constituera une occasion de renforcer les services de base, de soutenir les communaut\u00e9s d\u2019accueil et d\u2019apporter une r\u00e9ponse humanitaire plus efficace et plus \u00e9quitable.<br \/>\n(ami)<\/p>\n","protected":false},"excerpt":{"rendered":"<p>Son Excellence le Pr\u00e9sident de la R\u00e9publique, M. Mohamed Ould Cheikh El Ghazouani, a d\u00e9clar\u00e9 que la Mauritanie, pays de paix, d\u2019hospitalit\u00e9 et de stabilit\u00e9, a \u00e9t\u00e9 confront\u00e9e pendant plusieurs ann\u00e9es \u00e0 un afflux croissant de r\u00e9fugi\u00e9s, mais, qu\u2019en d\u00e9pit de ses moyens limit\u00e9s, elle s\u2019est efforc\u00e9e de concilier les exigences du d\u00e9veloppement durable et &hellip;<\/p>\n","protected":false},"author":2,"featured_media":17681,"comment_status":"open","ping_status":"open","sticky":false,"template":"","format":"standard","meta":{"footnotes":""},"categories":[18,2,29],"tags":[],"class_list":["post-17680","post","type-post","status-publish","format-standard","has-post-thumbnail","hentry","category-actualites","category-economie","category-monde"],"_links":{"self":[{"href":"https:\/\/ladepeche.mr\/index.php?rest_route=\/wp\/v2\/posts\/17680","targetHints":{"allow":["GET"]}}],"collection":[{"href":"https:\/\/ladepeche.mr\/index.php?rest_route=\/wp\/v2\/posts"}],"about":[{"href":"https:\/\/ladepeche.mr\/index.php?rest_route=\/wp\/v2\/types\/post"}],"author":[{"embeddable":true,"href":"https:\/\/ladepeche.mr\/index.php?rest_route=\/wp\/v2\/users\/2"}],"replies":[{"embeddable":true,"href":"https:\/\/ladepeche.mr\/index.php?rest_route=%2Fwp%2Fv2%2Fcomments&post=17680"}],"version-history":[{"count":1,"href":"https:\/\/ladepeche.mr\/index.php?rest_route=\/wp\/v2\/posts\/17680\/revisions"}],"predecessor-version":[{"id":17682,"href":"https:\/\/ladepeche.mr\/index.php?rest_route=\/wp\/v2\/posts\/17680\/revisions\/17682"}],"wp:featuredmedia":[{"embeddable":true,"href":"https:\/\/ladepeche.mr\/index.php?rest_route=\/wp\/v2\/media\/17681"}],"wp:attachment":[{"href":"https:\/\/ladepeche.mr\/index.php?rest_route=%2Fwp%2Fv2%2Fmedia&parent=17680"}],"wp:term":[{"taxonomy":"category","embeddable":true,"href":"https:\/\/ladepeche.mr\/index.php?rest_route=%2Fwp%2Fv2%2Fcategories&post=17680"},{"taxonomy":"post_tag","embeddable":true,"href":"https:\/\/ladepeche.mr\/index.php?rest_route=%2Fwp%2Fv2%2Ftags&post=17680"}],"curies":[{"name":"wp","href":"https:\/\/api.w.org\/{rel}","templated":true}]}}