{"id":17683,"date":"2025-08-20T20:28:23","date_gmt":"2025-08-20T20:28:23","guid":{"rendered":"https:\/\/ladepeche.mr\/?p=17683"},"modified":"2025-08-20T20:28:23","modified_gmt":"2025-08-20T20:28:23","slug":"lelysee-condamne-comme-erronee-et-abjecte-une-analyse-de-netanyahou","status":"publish","type":"post","link":"https:\/\/ladepeche.mr\/?p=17683","title":{"rendered":"L\u2019\u00c9lys\u00e9e condamne comme \u00ab erron\u00e9e et abjecte \u00bb une analyse de Netanyahou"},"content":{"rendered":"<p>L\u2019\u00c9lys\u00e9e a vivement r\u00e9agi mardi soir \u00e0 la lettre envoy\u00e9e par le Premier ministre isra\u00e9lien Benjamin Netanyahou au pr\u00e9sident de la R\u00e9publique fran\u00e7aise, d\u00e9voil\u00e9e au pr\u00e9alable par voie de presse. Dans ce courrier, le chef du gouvernement isra\u00e9lien \u00e9tablissait un lien entre la d\u00e9cision de la France de reconna\u00eetre l\u2019\u00c9tat de Palestine d\u00e8s septembre et la mont\u00e9e des violences antis\u00e9mites sur le territoire fran\u00e7ais.<\/p>\n<p class=\"continue-read-break\" data-t=\"{&quot;n&quot;:&quot;blueLinks&quot;,&quot;t&quot;:13,&quot;a&quot;:&quot;click&quot;,&quot;b&quot;:76}\">Dans un communiqu\u00e9, la pr\u00e9sidence fran\u00e7aise a qualifi\u00e9 cette analyse d\u2019\u00ab erron\u00e9e \u00bb et \u00ab abjecte \u00bb, ajoutant qu\u2019elle ne resterait \u00ab pas sans r\u00e9ponse \u00bb. L\u2019\u00c9lys\u00e9e pr\u00e9cise que, conform\u00e9ment au protocole, le pr\u00e9sident de la R\u00e9publique r\u00e9pondra par courrier officiel \u00e0 son homologue isra\u00e9lien avant toute communication publique.<\/p>\n<p data-t=\"{&quot;n&quot;:&quot;blueLinks&quot;,&quot;t&quot;:13,&quot;a&quot;:&quot;click&quot;,&quot;b&quot;:76}\">L\u2019\u00c9lys\u00e9e insiste sur la n\u00e9cessit\u00e9 de maintenir la gravit\u00e9 et la responsabilit\u00e9 dans les \u00e9changes diplomatiques, et refuse tout amalgame ou manipulation politique.<\/p>\n<p>Provided by SyndiGate Media Inc. (<a href=\"http:\/\/syndigate.info\/\" target=\"_blank\" rel=\"noopener\" data-t=\"{&quot;n&quot;:&quot;destination&quot;,&quot;t&quot;:13,&quot;a&quot;:&quot;click&quot;,&quot;b&quot;:1,&quot;c.t&quot;:7}\">Syndigate.info<\/a>).<\/p>\n<p>Photo Google<\/p>\n","protected":false},"excerpt":{"rendered":"<p>L\u2019\u00c9lys\u00e9e a vivement r\u00e9agi mardi soir \u00e0 la lettre envoy\u00e9e par le Premier ministre isra\u00e9lien Benjamin Netanyahou au pr\u00e9sident de la R\u00e9publique fran\u00e7aise, d\u00e9voil\u00e9e au pr\u00e9alable par voie de presse. Dans ce courrier, le chef du gouvernement isra\u00e9lien \u00e9tablissait un lien entre la d\u00e9cision de la France de reconna\u00eetre l\u2019\u00c9tat de Palestine d\u00e8s septembre et &hellip;<\/p>\n","protected":false},"author":2,"featured_media":17684,"comment_status":"open","ping_status":"open","sticky":false,"template":"","format":"standard","meta":{"footnotes":""},"categories":[18,29],"tags":[],"class_list":["post-17683","post","type-post","status-publish","format-standard","has-post-thumbnail","hentry","category-actualites","category-monde"],"_links":{"self":[{"href":"https:\/\/ladepeche.mr\/index.php?rest_route=\/wp\/v2\/posts\/17683","targetHints":{"allow":["GET"]}}],"collection":[{"href":"https:\/\/ladepeche.mr\/index.php?rest_route=\/wp\/v2\/posts"}],"about":[{"href":"https:\/\/ladepeche.mr\/index.php?rest_route=\/wp\/v2\/types\/post"}],"author":[{"embeddable":true,"href":"https:\/\/ladepeche.mr\/index.php?rest_route=\/wp\/v2\/users\/2"}],"replies":[{"embeddable":true,"href":"https:\/\/ladepeche.mr\/index.php?rest_route=%2Fwp%2Fv2%2Fcomments&post=17683"}],"version-history":[{"count":1,"href":"https:\/\/ladepeche.mr\/index.php?rest_route=\/wp\/v2\/posts\/17683\/revisions"}],"predecessor-version":[{"id":17685,"href":"https:\/\/ladepeche.mr\/index.php?rest_route=\/wp\/v2\/posts\/17683\/revisions\/17685"}],"wp:featuredmedia":[{"embeddable":true,"href":"https:\/\/ladepeche.mr\/index.php?rest_route=\/wp\/v2\/media\/17684"}],"wp:attachment":[{"href":"https:\/\/ladepeche.mr\/index.php?rest_route=%2Fwp%2Fv2%2Fmedia&parent=17683"}],"wp:term":[{"taxonomy":"category","embeddable":true,"href":"https:\/\/ladepeche.mr\/index.php?rest_route=%2Fwp%2Fv2%2Fcategories&post=17683"},{"taxonomy":"post_tag","embeddable":true,"href":"https:\/\/ladepeche.mr\/index.php?rest_route=%2Fwp%2Fv2%2Ftags&post=17683"}],"curies":[{"name":"wp","href":"https:\/\/api.w.org\/{rel}","templated":true}]}}