{"id":17686,"date":"2025-08-21T11:53:13","date_gmt":"2025-08-21T11:53:13","guid":{"rendered":"https:\/\/ladepeche.mr\/?p=17686"},"modified":"2025-08-21T17:43:56","modified_gmt":"2025-08-21T17:43:56","slug":"hodh-echarghi-ould-cheikh-ahmed-annonce-une-serie-de-mesures-en-faveur-de-leconomie-locale","status":"publish","type":"post","link":"https:\/\/ladepeche.mr\/?p=17686","title":{"rendered":"Hodh Echarghi: Ould Cheikh Ahmed annonce une s\u00e9rie de mesures en faveur de l&#8217;\u00e9conomie locale"},"content":{"rendered":"<p>Le pr\u00e9sident du patronat, Zeine El Abidine Cheikh Ahmed, a annonc\u00e9, mercredi, \u00e0 N\u00e9ma, une s\u00e9rie de mesures concr\u00e8tes portant sur la relance de l\u2019usine d\u2019aliments pour b\u00e9tail \u00e0 N\u00e9ma, la mise \u00e0 disposition de conteneurs de 50 tonnes pour le stockage des produits agricoles, dans le cadre des efforts d\u00e9ploy\u00e9s par son organisation visant \u00e0 promouvoir l\u2019investissement local.<\/p>\n<p>Le pr\u00e9sident du patronat a encore ajout\u00e9 qu\u2019il \u00e9tait attendu de cette redynamisation de l\u2019investissement local la cr\u00e9ation de 200 emplois locaux, un appui de 500 heures de travail de tracteurs agricoles, en partenariat avec la r\u00e9gion du Hodh Chargui.<\/p>\n<p>Ould Cheikh Ahmed a, par ailleurs rappel\u00e9 les investissements consentis dans la r\u00e9gion dont notamment la mise en place de la Soci\u00e9t\u00e9 Mauritanienne des Produits Laitiers, consid\u00e9r\u00e9e comme un levier essentiel pour l\u2019\u00e9conomie r\u00e9gionale et s\u2019inscrivant dans le cadre des efforts du gouvernement pour d\u00e9veloppement de la production agricole et animale<\/p>\n<p data-start=\"929\" data-end=\"1220\">Le pr\u00e9sident de l\u2019Union nationale des employeurs,\u00a0 Zeine El Abidine Cheikh Ahmed, a enfin plac\u00e9 sa visite dans la r\u00e9gion du Hodh Chargui dans le sillage de la mise en \u0153uvre des directives du Pr\u00e9sident de la R\u00e9publique, Mohamed Ould Cheikh El Ghazouani, visant \u00e0 dynamiser l\u2019investissement national dans les r\u00e9gions de l\u2019int\u00e9rieur dot\u00e9es d\u2019un fort potentiel agricole et \u00e9conomique.<\/p>\n","protected":false},"excerpt":{"rendered":"<p>Le pr\u00e9sident du patronat, Zeine El Abidine Cheikh Ahmed, a annonc\u00e9, mercredi, \u00e0 N\u00e9ma, une s\u00e9rie de mesures concr\u00e8tes portant sur la relance de l\u2019usine d\u2019aliments pour b\u00e9tail \u00e0 N\u00e9ma, la mise \u00e0 disposition de conteneurs de 50 tonnes pour le stockage des produits agricoles, dans le cadre des efforts d\u00e9ploy\u00e9s par son organisation visant &hellip;<\/p>\n","protected":false},"author":2,"featured_media":17702,"comment_status":"open","ping_status":"open","sticky":false,"template":"","format":"standard","meta":{"footnotes":""},"categories":[18,2],"tags":[],"class_list":["post-17686","post","type-post","status-publish","format-standard","has-post-thumbnail","hentry","category-actualites","category-economie"],"_links":{"self":[{"href":"https:\/\/ladepeche.mr\/index.php?rest_route=\/wp\/v2\/posts\/17686","targetHints":{"allow":["GET"]}}],"collection":[{"href":"https:\/\/ladepeche.mr\/index.php?rest_route=\/wp\/v2\/posts"}],"about":[{"href":"https:\/\/ladepeche.mr\/index.php?rest_route=\/wp\/v2\/types\/post"}],"author":[{"embeddable":true,"href":"https:\/\/ladepeche.mr\/index.php?rest_route=\/wp\/v2\/users\/2"}],"replies":[{"embeddable":true,"href":"https:\/\/ladepeche.mr\/index.php?rest_route=%2Fwp%2Fv2%2Fcomments&post=17686"}],"version-history":[{"count":1,"href":"https:\/\/ladepeche.mr\/index.php?rest_route=\/wp\/v2\/posts\/17686\/revisions"}],"predecessor-version":[{"id":17688,"href":"https:\/\/ladepeche.mr\/index.php?rest_route=\/wp\/v2\/posts\/17686\/revisions\/17688"}],"wp:featuredmedia":[{"embeddable":true,"href":"https:\/\/ladepeche.mr\/index.php?rest_route=\/wp\/v2\/media\/17702"}],"wp:attachment":[{"href":"https:\/\/ladepeche.mr\/index.php?rest_route=%2Fwp%2Fv2%2Fmedia&parent=17686"}],"wp:term":[{"taxonomy":"category","embeddable":true,"href":"https:\/\/ladepeche.mr\/index.php?rest_route=%2Fwp%2Fv2%2Fcategories&post=17686"},{"taxonomy":"post_tag","embeddable":true,"href":"https:\/\/ladepeche.mr\/index.php?rest_route=%2Fwp%2Fv2%2Ftags&post=17686"}],"curies":[{"name":"wp","href":"https:\/\/api.w.org\/{rel}","templated":true}]}}