{"id":17706,"date":"2025-08-22T16:52:32","date_gmt":"2025-08-22T16:52:32","guid":{"rendered":"https:\/\/ladepeche.mr\/?p=17706"},"modified":"2025-08-22T16:52:32","modified_gmt":"2025-08-22T16:52:32","slug":"gaza-lonu-declare-officiellement-la-famine-qui-aurait-pu-etre-evitee-sans-lobstruction-disrael","status":"publish","type":"post","link":"https:\/\/ladepeche.mr\/?p=17706","title":{"rendered":"Gaza: l&#8217;ONU d\u00e9clare officiellement la famine, qui aurait \u00abpu \u00eatre \u00e9vit\u00e9e\u00bb sans \u00abl&#8217;obstruction\u00bb d&#8217;Isra\u00ebl"},"content":{"rendered":"<p class=\"t-content__chapo\">L&#8217;ONU a officiellement d\u00e9clar\u00e9 vendredi 22 ao\u00fbt la famine \u00e0 Gaza, la premi\u00e8re \u00e0 toucher le Moyen-Orient, apr\u00e8s que ses experts ont averti que 500 000 personnes se trouvaient dans un \u00e9tat \u00ab\u00a0<em>catastrophique <\/em>\u00bb. Cette famine aurait \u00ab\u00a0<em>pu \u00eatre \u00e9vit\u00e9e <\/em>\u00bb sans \u00ab\u00a0<em>l&#8217;obstruction syst\u00e9matique d&#8217;Isra\u00ebl<\/em> \u00bb, d\u00e9nonce l&#8217;organisation.<\/p>\n<div class=\"t-content__dates t-content__dates--reading-time\">\n<p>Apr\u00e8s des mois de mise en garde contre une famine dans le territoire ravag\u00e9 par la guerre, le Cadre int\u00e9gr\u00e9 de classification de la s\u00e9curit\u00e9 alimentaire (IPC), un organisme de l&#8217;<\/p>\n<\/div>\n<p>Selon des experts de l&#8217;ONU, plus d&#8217;un demi-million de personnes \u00e0 Gaza affrontent des conditions \u00ab\u00a0<em>catastrophiques <\/em>\u00bb, le niveau de d\u00e9tresse alimentaire le plus \u00e9lev\u00e9 de l&#8217;IPC, <a href=\"https:\/\/www.rfi.fr\/fr\/moyen-orient\/20250723-plus-de-100-organisations-humanitaires-alertent-sur-la-famine-de-masse-%C3%A0-gaza\" target=\"_self\"><strong>caract\u00e9ris\u00e9 par la famine et la mort<\/strong><\/a>. Ce chiffre, fond\u00e9 sur informations recueillies jusqu&#8217;au 15 ao\u00fbt, devrait monter \u00e0 presque 641\u00a0000 d&#8217;ici fin septembre.\u00a0La malnutrition chez les enfants de Gaza \u00ab\u00a0<em>s&#8217;acc\u00e9l\u00e8re \u00e0 un rythme catastrophique<\/em> \u00bb, constate \u00e9galement l&#8217;organisation. \u00ab\u00a0<em>En juillet seulement, plus de 12\u00a0000 enfants ont \u00e9t\u00e9 identifi\u00e9s comme souffrant de malnutrition aigu\u00eb, le chiffre mensuel le plus \u00e9lev\u00e9 jamais enregistr\u00e9 <\/em>\u00bb.<\/p>\n<p>lire la suite sur Rfi<\/p>\n<p>&nbsp;<\/p>\n<div class=\"t-content__dates t-content__dates--reading-time\">\n<p>&nbsp;<\/p>\n<\/div>\n","protected":false},"excerpt":{"rendered":"<p>L&#8217;ONU a officiellement d\u00e9clar\u00e9 vendredi 22 ao\u00fbt la famine \u00e0 Gaza, la premi\u00e8re \u00e0 toucher le Moyen-Orient, apr\u00e8s que ses experts ont averti que 500 000 personnes se trouvaient dans un \u00e9tat \u00ab\u00a0catastrophique \u00bb. Cette famine aurait \u00ab\u00a0pu \u00eatre \u00e9vit\u00e9e \u00bb sans \u00ab\u00a0l&#8217;obstruction syst\u00e9matique d&#8217;Isra\u00ebl \u00bb, d\u00e9nonce l&#8217;organisation. Apr\u00e8s des mois de mise en garde &hellip;<\/p>\n","protected":false},"author":2,"featured_media":17707,"comment_status":"open","ping_status":"open","sticky":false,"template":"","format":"standard","meta":{"footnotes":""},"categories":[18,29],"tags":[],"class_list":["post-17706","post","type-post","status-publish","format-standard","has-post-thumbnail","hentry","category-actualites","category-monde"],"_links":{"self":[{"href":"https:\/\/ladepeche.mr\/index.php?rest_route=\/wp\/v2\/posts\/17706","targetHints":{"allow":["GET"]}}],"collection":[{"href":"https:\/\/ladepeche.mr\/index.php?rest_route=\/wp\/v2\/posts"}],"about":[{"href":"https:\/\/ladepeche.mr\/index.php?rest_route=\/wp\/v2\/types\/post"}],"author":[{"embeddable":true,"href":"https:\/\/ladepeche.mr\/index.php?rest_route=\/wp\/v2\/users\/2"}],"replies":[{"embeddable":true,"href":"https:\/\/ladepeche.mr\/index.php?rest_route=%2Fwp%2Fv2%2Fcomments&post=17706"}],"version-history":[{"count":1,"href":"https:\/\/ladepeche.mr\/index.php?rest_route=\/wp\/v2\/posts\/17706\/revisions"}],"predecessor-version":[{"id":17708,"href":"https:\/\/ladepeche.mr\/index.php?rest_route=\/wp\/v2\/posts\/17706\/revisions\/17708"}],"wp:featuredmedia":[{"embeddable":true,"href":"https:\/\/ladepeche.mr\/index.php?rest_route=\/wp\/v2\/media\/17707"}],"wp:attachment":[{"href":"https:\/\/ladepeche.mr\/index.php?rest_route=%2Fwp%2Fv2%2Fmedia&parent=17706"}],"wp:term":[{"taxonomy":"category","embeddable":true,"href":"https:\/\/ladepeche.mr\/index.php?rest_route=%2Fwp%2Fv2%2Fcategories&post=17706"},{"taxonomy":"post_tag","embeddable":true,"href":"https:\/\/ladepeche.mr\/index.php?rest_route=%2Fwp%2Fv2%2Ftags&post=17706"}],"curies":[{"name":"wp","href":"https:\/\/api.w.org\/{rel}","templated":true}]}}