{"id":17712,"date":"2025-08-22T23:08:30","date_gmt":"2025-08-22T23:08:30","guid":{"rendered":"https:\/\/ladepeche.mr\/?p=17712"},"modified":"2025-08-22T23:08:30","modified_gmt":"2025-08-22T23:08:30","slug":"economie-le-gouverneur-de-la-bcm-echange-avec-une-delegation-americaine-sur-la-cooperation-financiere","status":"publish","type":"post","link":"https:\/\/ladepeche.mr\/?p=17712","title":{"rendered":"Economie: Le Gouverneur de la BCM \u00e9change avec une d\u00e9l\u00e9gation am\u00e9ricaine sur la coop\u00e9ration financi\u00e8re"},"content":{"rendered":"<p data-start=\"252\" data-end=\"533\">Le Gouverneur de la Banque Centrale de Mauritanie (BCM), Mohamed-Lemine Dhehby, a re\u00e7u une d\u00e9l\u00e9gation am\u00e9ricaine dans le cadre du renforcement de la coop\u00e9ration financi\u00e8re entre la Mauritanie et les \u00c9tats-Unis, a officiellement annonce vendredi la BCM.<\/p>\n<p data-start=\"535\" data-end=\"840\">La d\u00e9l\u00e9gation \u00e9tait compos\u00e9e de John \u201cJ.T.\u201d Tomaszewski, membre senior du Comit\u00e9 des affaires \u00e9trang\u00e8res du S\u00e9nat am\u00e9ricain, de M. J.T. Ice, Charg\u00e9 d\u2019Affaires de l\u2019Ambassade des \u00c9tats-Unis \u00e0 Nouakchott, de M. Matthew Ryan, attach\u00e9 \u00e9conomique, et de Mme Faiza Hachem, sp\u00e9cialiste \u00e9conomique et commerciale.<\/p>\n<p data-start=\"842\" data-end=\"1161\">Au cours de cette rencontre d\u2019environ 45 minutes, les \u00e9changes ont port\u00e9 principalement sur la question de la correspondance bancaire \u2013 un enjeu strat\u00e9gique pour l\u2019int\u00e9gration de la Mauritanie dans le syst\u00e8me financier international \u2013 ainsi que sur les perspectives de coop\u00e9ration bilat\u00e9rale dans le domaine \u00e9conomique.<\/p>\n<p data-start=\"1163\" data-end=\"1429\">Le Gouverneur Dhehby a mis en avant les efforts engag\u00e9s par la BCM pour moderniser le secteur financier national et renforcer sa conformit\u00e9 aux normes internationales, soulignant la n\u00e9cessit\u00e9 de r\u00e9tablir les liens avec les grandes institutions bancaires am\u00e9ricaines.<\/p>\n<p data-start=\"1431\" data-end=\"1724\">La d\u00e9l\u00e9gation am\u00e9ricaine a, pour sa part, exprim\u00e9 le soutien du S\u00e9nat am\u00e9ricain et de l\u2019Ambassade dans cette d\u00e9marche, r\u00e9affirmant l\u2019int\u00e9r\u00eat des \u00c9tats-Unis \u00e0 accompagner la Mauritanie dans le d\u00e9veloppement de son syst\u00e8me financier et dans la cr\u00e9ation d\u2019un climat favorable aux investissements.<\/p>\n<p data-start=\"1726\" data-end=\"1895\">Cette r\u00e9union s\u2019inscrit dans le cadre d\u2019un dialogue r\u00e9gulier entre les deux pays, t\u00e9moignant d\u2019une volont\u00e9 commune de renforcer les relations \u00e9conomiques et financi\u00e8res.<\/p>\n","protected":false},"excerpt":{"rendered":"<p>Le Gouverneur de la Banque Centrale de Mauritanie (BCM), Mohamed-Lemine Dhehby, a re\u00e7u une d\u00e9l\u00e9gation am\u00e9ricaine dans le cadre du renforcement de la coop\u00e9ration financi\u00e8re entre la Mauritanie et les \u00c9tats-Unis, a officiellement annonce vendredi la BCM. La d\u00e9l\u00e9gation \u00e9tait compos\u00e9e de John \u201cJ.T.\u201d Tomaszewski, membre senior du Comit\u00e9 des affaires \u00e9trang\u00e8res du S\u00e9nat am\u00e9ricain, &hellip;<\/p>\n","protected":false},"author":2,"featured_media":17713,"comment_status":"open","ping_status":"open","sticky":false,"template":"","format":"standard","meta":{"footnotes":""},"categories":[18,2],"tags":[],"class_list":["post-17712","post","type-post","status-publish","format-standard","has-post-thumbnail","hentry","category-actualites","category-economie"],"_links":{"self":[{"href":"https:\/\/ladepeche.mr\/index.php?rest_route=\/wp\/v2\/posts\/17712","targetHints":{"allow":["GET"]}}],"collection":[{"href":"https:\/\/ladepeche.mr\/index.php?rest_route=\/wp\/v2\/posts"}],"about":[{"href":"https:\/\/ladepeche.mr\/index.php?rest_route=\/wp\/v2\/types\/post"}],"author":[{"embeddable":true,"href":"https:\/\/ladepeche.mr\/index.php?rest_route=\/wp\/v2\/users\/2"}],"replies":[{"embeddable":true,"href":"https:\/\/ladepeche.mr\/index.php?rest_route=%2Fwp%2Fv2%2Fcomments&post=17712"}],"version-history":[{"count":1,"href":"https:\/\/ladepeche.mr\/index.php?rest_route=\/wp\/v2\/posts\/17712\/revisions"}],"predecessor-version":[{"id":17714,"href":"https:\/\/ladepeche.mr\/index.php?rest_route=\/wp\/v2\/posts\/17712\/revisions\/17714"}],"wp:featuredmedia":[{"embeddable":true,"href":"https:\/\/ladepeche.mr\/index.php?rest_route=\/wp\/v2\/media\/17713"}],"wp:attachment":[{"href":"https:\/\/ladepeche.mr\/index.php?rest_route=%2Fwp%2Fv2%2Fmedia&parent=17712"}],"wp:term":[{"taxonomy":"category","embeddable":true,"href":"https:\/\/ladepeche.mr\/index.php?rest_route=%2Fwp%2Fv2%2Fcategories&post=17712"},{"taxonomy":"post_tag","embeddable":true,"href":"https:\/\/ladepeche.mr\/index.php?rest_route=%2Fwp%2Fv2%2Ftags&post=17712"}],"curies":[{"name":"wp","href":"https:\/\/api.w.org\/{rel}","templated":true}]}}