{"id":17722,"date":"2025-08-23T21:50:55","date_gmt":"2025-08-23T21:50:55","guid":{"rendered":"https:\/\/ladepeche.mr\/?p=17722"},"modified":"2025-08-23T21:50:55","modified_gmt":"2025-08-23T21:50:55","slug":"sante-incineration-de-27-tonnes-de-carottes-avariees-a-nouadhibou","status":"publish","type":"post","link":"https:\/\/ladepeche.mr\/?p=17722","title":{"rendered":"Sant\u00e9\u00a0: Incin\u00e9ration de 27 tonnes de carottes avari\u00e9es \u00e0 Nouadhibou"},"content":{"rendered":"<p data-start=\"208\" data-end=\"523\">Les services des douanes de la wilaya de Dakhlet Nouadhibou ont supervis\u00e9, ce samedi, la destruction de 27 tonnes de carottes avari\u00e9es, import\u00e9es dans un conteneur de 40 pieds contenant 2 700 sacs. Cette mesure a \u00e9t\u00e9 prise apr\u00e8s des analyses sanitaires ayant confirm\u00e9 l\u2019impropri\u00e9t\u00e9 du lot \u00e0 la consommation humaine.<\/p>\n<p data-start=\"525\" data-end=\"983\">L\u2019op\u00e9ration s\u2019est d\u00e9roul\u00e9e par incin\u00e9ration \u00e0 la d\u00e9charge publique situ\u00e9e en p\u00e9riph\u00e9rie de Nouadhibou, en pr\u00e9sence de plusieurs responsables, dont l\u2019inspecteur central Tayeb El Naji Elemine, directeur r\u00e9gional des douanes par int\u00e9rim. \u00c9taient \u00e9galement pr\u00e9sents des repr\u00e9sentants des autorit\u00e9s judiciaires et administratives, des forces de s\u00e9curit\u00e9 et de l\u2019arm\u00e9e, de la Zone Franche, ainsi que de la Direction du Commerce et de la Protection du Consommateur.<\/p>\n<p data-start=\"985\" data-end=\"1263\">Dans une d\u00e9claration \u00e0 l\u2019Agence Mauritanienne d\u2019Information (AMI), l\u2019inspecteur central a soulign\u00e9 que cette intervention s\u2019inscrit dans le cadre des missions prioritaires des douanes nationales, notamment la protection de la sant\u00e9 publique et le contr\u00f4le des produits import\u00e9s.<\/p>\n<p data-start=\"1265\" data-end=\"1486\">Il a \u00e9galement insist\u00e9 sur l\u2019importance de la vigilance douani\u00e8re, conform\u00e9ment aux directives de la Direction G\u00e9n\u00e9rale des Douanes, tout en saluant la coop\u00e9ration des autorit\u00e9s judiciaires et la c\u00e9l\u00e9rit\u00e9 de leur r\u00e9ponse.<\/p>\n<p data-start=\"1265\" data-end=\"1486\">(avec Ami)<\/p>\n","protected":false},"excerpt":{"rendered":"<p>Les services des douanes de la wilaya de Dakhlet Nouadhibou ont supervis\u00e9, ce samedi, la destruction de 27 tonnes de carottes avari\u00e9es, import\u00e9es dans un conteneur de 40 pieds contenant 2 700 sacs. Cette mesure a \u00e9t\u00e9 prise apr\u00e8s des analyses sanitaires ayant confirm\u00e9 l\u2019impropri\u00e9t\u00e9 du lot \u00e0 la consommation humaine. L\u2019op\u00e9ration s\u2019est d\u00e9roul\u00e9e par &hellip;<\/p>\n","protected":false},"author":2,"featured_media":17723,"comment_status":"open","ping_status":"open","sticky":false,"template":"","format":"standard","meta":{"footnotes":""},"categories":[18,2,27],"tags":[],"class_list":["post-17722","post","type-post","status-publish","format-standard","has-post-thumbnail","hentry","category-actualites","category-economie","category-sante"],"_links":{"self":[{"href":"https:\/\/ladepeche.mr\/index.php?rest_route=\/wp\/v2\/posts\/17722","targetHints":{"allow":["GET"]}}],"collection":[{"href":"https:\/\/ladepeche.mr\/index.php?rest_route=\/wp\/v2\/posts"}],"about":[{"href":"https:\/\/ladepeche.mr\/index.php?rest_route=\/wp\/v2\/types\/post"}],"author":[{"embeddable":true,"href":"https:\/\/ladepeche.mr\/index.php?rest_route=\/wp\/v2\/users\/2"}],"replies":[{"embeddable":true,"href":"https:\/\/ladepeche.mr\/index.php?rest_route=%2Fwp%2Fv2%2Fcomments&post=17722"}],"version-history":[{"count":1,"href":"https:\/\/ladepeche.mr\/index.php?rest_route=\/wp\/v2\/posts\/17722\/revisions"}],"predecessor-version":[{"id":17724,"href":"https:\/\/ladepeche.mr\/index.php?rest_route=\/wp\/v2\/posts\/17722\/revisions\/17724"}],"wp:featuredmedia":[{"embeddable":true,"href":"https:\/\/ladepeche.mr\/index.php?rest_route=\/wp\/v2\/media\/17723"}],"wp:attachment":[{"href":"https:\/\/ladepeche.mr\/index.php?rest_route=%2Fwp%2Fv2%2Fmedia&parent=17722"}],"wp:term":[{"taxonomy":"category","embeddable":true,"href":"https:\/\/ladepeche.mr\/index.php?rest_route=%2Fwp%2Fv2%2Fcategories&post=17722"},{"taxonomy":"post_tag","embeddable":true,"href":"https:\/\/ladepeche.mr\/index.php?rest_route=%2Fwp%2Fv2%2Ftags&post=17722"}],"curies":[{"name":"wp","href":"https:\/\/api.w.org\/{rel}","templated":true}]}}