{"id":17730,"date":"2025-08-24T22:54:00","date_gmt":"2025-08-24T22:54:00","guid":{"rendered":"https:\/\/ladepeche.mr\/?p=17730"},"modified":"2025-08-24T22:54:00","modified_gmt":"2025-08-24T22:54:00","slug":"fete-le-maouloud-nabawi-fixe-au-5-septembre-2025","status":"publish","type":"post","link":"https:\/\/ladepeche.mr\/?p=17730","title":{"rendered":"F\u00eate: Le Maouloud Nabawi fix\u00e9 au 5 septembre 2025"},"content":{"rendered":"<p>La Commission nationale d\u2019observation des croissants lunaires a annonc\u00e9 que le 5 septembre 2025 correspondant \u00e0 la f\u00eate de l\u2019A\u00efd Al-Mawlid An-Nabawi Al-Sharif.<\/p>\n<p>La commission fait cette d\u00e9duction du fait que le premier jour de Rabie Al Awal correspond au lundi 25 ao\u00fbt 2025.<\/p>\n<p>La f\u00eate c\u00e9l\u00e8bre, chez les sunnite, \u00abla naissance du proph\u00e8te \u00bb, \u00e0 Mekka (La Mecque) de Mohamed Ibn Abdallah, Paix et Salut sur Lui. Il est le dernier des proph\u00e8tes et messagers d&#8217;Allah. <\/p>\n","protected":false},"excerpt":{"rendered":"<p>La Commission nationale d\u2019observation des croissants lunaires a annonc\u00e9 que le 5 septembre 2025 correspondant \u00e0 la f\u00eate de l\u2019A\u00efd Al-Mawlid An-Nabawi Al-Sharif. La commission fait cette d\u00e9duction du fait que le premier jour de Rabie Al Awal correspond au lundi 25 ao\u00fbt 2025. La f\u00eate c\u00e9l\u00e8bre, chez les sunnite, \u00abla naissance du proph\u00e8te \u00bb, &hellip;<\/p>\n","protected":false},"author":2,"featured_media":17731,"comment_status":"open","ping_status":"open","sticky":false,"template":"","format":"standard","meta":{"footnotes":""},"categories":[18,15],"tags":[],"class_list":["post-17730","post","type-post","status-publish","format-standard","has-post-thumbnail","hentry","category-actualites","category-culture"],"_links":{"self":[{"href":"https:\/\/ladepeche.mr\/index.php?rest_route=\/wp\/v2\/posts\/17730","targetHints":{"allow":["GET"]}}],"collection":[{"href":"https:\/\/ladepeche.mr\/index.php?rest_route=\/wp\/v2\/posts"}],"about":[{"href":"https:\/\/ladepeche.mr\/index.php?rest_route=\/wp\/v2\/types\/post"}],"author":[{"embeddable":true,"href":"https:\/\/ladepeche.mr\/index.php?rest_route=\/wp\/v2\/users\/2"}],"replies":[{"embeddable":true,"href":"https:\/\/ladepeche.mr\/index.php?rest_route=%2Fwp%2Fv2%2Fcomments&post=17730"}],"version-history":[{"count":1,"href":"https:\/\/ladepeche.mr\/index.php?rest_route=\/wp\/v2\/posts\/17730\/revisions"}],"predecessor-version":[{"id":17732,"href":"https:\/\/ladepeche.mr\/index.php?rest_route=\/wp\/v2\/posts\/17730\/revisions\/17732"}],"wp:featuredmedia":[{"embeddable":true,"href":"https:\/\/ladepeche.mr\/index.php?rest_route=\/wp\/v2\/media\/17731"}],"wp:attachment":[{"href":"https:\/\/ladepeche.mr\/index.php?rest_route=%2Fwp%2Fv2%2Fmedia&parent=17730"}],"wp:term":[{"taxonomy":"category","embeddable":true,"href":"https:\/\/ladepeche.mr\/index.php?rest_route=%2Fwp%2Fv2%2Fcategories&post=17730"},{"taxonomy":"post_tag","embeddable":true,"href":"https:\/\/ladepeche.mr\/index.php?rest_route=%2Fwp%2Fv2%2Ftags&post=17730"}],"curies":[{"name":"wp","href":"https:\/\/api.w.org\/{rel}","templated":true}]}}